{"id":209025,"date":"2026-04-28T14:05:00","date_gmt":"2026-04-28T14:05:00","guid":{"rendered":"https:\/\/blog.sandora.me\/?p=209025"},"modified":"2026-04-28T11:05:02","modified_gmt":"2026-04-28T14:05:02","slug":"politicas-institucionais-que-reduzem-riscos-psicossociais-na-pratica","status":"publish","type":"post","link":"https:\/\/blog.sandora.me\/index.php\/2026\/04\/28\/politicas-institucionais-que-reduzem-riscos-psicossociais-na-pratica\/","title":{"rendered":"Pol\u00edticas institucionais que reduzem riscos psicossociais na pr\u00e1tica"},"content":{"rendered":"<p>As organiza\u00e7\u00f5es brasileiras vivem um momento de mudan\u00e7a. Tornou-se imposs\u00edvel ignorar a rela\u00e7\u00e3o direta entre ambi\u00eancia laboral, sa\u00fade mental e resultados corporativos. Quando os riscos psicossociais n\u00e3o s\u00e3o considerados com a devida aten\u00e7\u00e3o, surgem quadros de estresse, adoecimento ps\u00edquico, baixa confian\u00e7a, absente\u00edsmo e custos trabalhistas. N\u00e3o \u00e0 toa, desde maio de 2025, as empresas passaram a ser obrigadas a incorporar a avalia\u00e7\u00e3o de riscos psicossociais em suas a\u00e7\u00f5es de sa\u00fade e seguran\u00e7a do trabalho, o que inclui temas como estresse, ass\u00e9dio e sobrecarga mental, segundo o <a href=\"https:\/\/www.gov.br\/trabalho-e-emprego\/pt-br\/noticias-e-conteudo\/2024\/Novembro\/empresas-brasileiras-terao-que-avaliar-riscos-psicossociais-a-partir-de-2025\">Minist\u00e9rio do Trabalho<\/a>.<\/p>\n<blockquote><p>Ambiente saud\u00e1vel vai al\u00e9m do f\u00edsico. Sa\u00fade mental tamb\u00e9m \u00e9 trabalho seguro.<\/p><\/blockquote>\n<p>Diante desta realidade, cresce a relev\u00e2ncia de pol\u00edticas institucionais bem fundamentadas e pr\u00e1ticas, como aquelas implementadas por projetos refer\u00eancia como o da Sandora, para reduzir riscos e proteger empresas e pessoas. Entenda, a seguir, como transformar normas em a\u00e7\u00f5es concretas e eficazes.<\/p>\n<h2>O que s\u00e3o riscos psicossociais?<\/h2>\n<p><strong>Riscos psicossociais s\u00e3o fatores presentes na organiza\u00e7\u00e3o do trabalho que podem causar sofrimento emocional, estresse ou adoecimento mental nos colaboradores.<\/strong>Segundo <a href=\"https:\/\/www.gov.br\/fundacentro\/pt-br\/comunicacao\/noticias\/noticias\/2026\/abril\/saude-mental-no-trabalho-avanca-como-desafio-no-brasil\">estudos realizados pela Fundacentro em parceria com a FGV<\/a>, ambientes de sobrecarga, baixa autonomia e rela\u00e7\u00f5es autorit\u00e1rias aumentam consideravelmente esse risco e contribuem para o afastamento do trabalho.<\/p>\n<ul>\n<li>Ass\u00e9dio moral e sexual;<\/li>\n<li>Excesso de trabalho ou cobran\u00e7a por desempenho inalcan\u00e7\u00e1vel;<\/li>\n<li>Ambiguidade ou conflito de fun\u00e7\u00f5es;<\/li>\n<li>Ambiente hostil ou sem di\u00e1logo;<\/li>\n<li>Cultura de medo ou puni\u00e7\u00e3o.<\/li>\n<\/ul>\n<p>Tais elementos, quando negligenciados, impactam diretamente a sa\u00fade mental, f\u00edsica e social das equipes, tornando essenciais medidas que ajudem a monitorar e prevenir esses riscos.<\/p>\n<h2>Por dentro das novas exig\u00eancias legais<\/h2>\n<p>Desde a publica\u00e7\u00e3o da <a href=\"https:\/\/www.gov.br\/trabalho-e-emprego\/pt-br\/noticias-e-conteudo\/2024\/Novembro\/empresas-brasileiras-terao-que-avaliar-riscos-psicossociais-a-partir-de-2025\">nova diretriz do Minist\u00e9rio do Trabalho<\/a>, h\u00e1 uma exig\u00eancia clara: integrar a avalia\u00e7\u00e3o dos riscos psicossociais \u00e0 gest\u00e3o de SST, conforme solicita a Lei 14.457\/22, NR-1 (Gerenciamento de Risco Ocupacional) e NR-5 (CIPA).<\/p>\n<p><strong>Empresas precisam documentar, mensurar e agir rapidamente diante de ind\u00edcios de risco psicossocial, sob pena de aumentar sua exposi\u00e7\u00e3o a multas e responsabilidade civil.<\/strong>O projeto Sandora, citado como exemplo de avan\u00e7o tecnol\u00f3gico na \u00e1rea, oferece solu\u00e7\u00f5es que automatizam a identifica\u00e7\u00e3o, elabora\u00e7\u00e3o de relat\u00f3rios audit\u00e1veis e permitem acompanhamento em tempo real, tornando poss\u00edvel atender \u00e0 legisla\u00e7\u00e3o de modo eficiente.<\/p>\n<h2>Pol\u00edticas institucionais para prevenir riscos psicossociais<\/h2>\n<p>Pol\u00edticas institucionais consistem em diretrizes claras, normas e orienta\u00e7\u00f5es constru\u00eddas para guiar comportamentos, estabelecer limites e promover prote\u00e7\u00e3o coletiva. Elas funcionam como um \u201cmanual de conduta\u201d capaz de transformar a cultura da empresa \u2013 e, para ser eficiente, n\u00e3o basta existir apenas no papel.<\/p>\n<h3>Quais pol\u00edticas fazem diferen\u00e7a?<\/h3>\n<ul>\n<li><strong>Canal de den\u00fancias seguro:<\/strong> A implementa\u00e7\u00e3o de canais sigilosos permite que colaboradores reportem pr\u00e1ticas abusivas ou desconfort\u00e1veis sem medo de retalia\u00e7\u00e3o. Sistemas automatizados, como os da Sandora, garantem confiabilidade e resposta r\u00e1pida.<\/li>\n<li><strong>Normas claras contra ass\u00e9dio:<\/strong> Pol\u00edticas institucionais que detalham o que caracteriza ass\u00e9dio e orientam sobre consequ\u00eancias e protocolos de atendimento auxiliam no enfrentamento desta situa\u00e7\u00e3o. Veja pr\u00e1ticas eficazes em <a href=\"https:\/\/blog.sandora.me\/index.php\/2026\/02\/23\/prevencao-assedio-moral-praticas-institucionais-essential\/\">preven\u00e7\u00e3o a ass\u00e9dio moral<\/a>.<\/li>\n<li><strong>Gest\u00e3o transparente de carga hor\u00e1ria:<\/strong> Normas relacionadas a pausas, limites de jornada, flexibiliza\u00e7\u00e3o de hor\u00e1rios e home office ajudam a conter sobrecargas e facilitam o equil\u00edbrio sa\u00fade-trabalho.<\/li>\n<li><strong>Pol\u00edticas de diversidade e inclus\u00e3o:<\/strong> Incentivam o respeito, reduzem discrimina\u00e7\u00f5es e criam ambiente de acolhimento, principalmente para grupos mais vulner\u00e1veis.<\/li>\n<li><strong>A\u00e7\u00f5es de acolhimento e escuta ativa:<\/strong> Programas que promovem rodas de di\u00e1logo, atendimento psicol\u00f3gico e pesquisas internas de clima refor\u00e7am o sentimento de prote\u00e7\u00e3o e pertencimento.<\/li>\n<\/ul>\n<p>Essas pr\u00e1ticas precisam ser revisadas e adaptadas periodicamente para garantir que acompanhem as mudan\u00e7as no ambiente corporativo e a legisla\u00e7\u00e3o vigente, como discutido em <a href=\"https:\/\/blog.sandora.me\/index.php\/2025\/04\/17\/empresas-boas-praticas\/\">boas pr\u00e1ticas institucionais<\/a>.<\/p>\n<p><img decoding=\"async\" src=\"https:\/\/ixymyhazbhztpjnlxmbd.supabase.co\/storage\/v1\/object\/images\/generated\/grupo-diverso-reuniao-empresa-671.webp\" alt=\"Equipe de colaboradores diversos em reuni\u00e3o de trabalho com documentos e computador \"><\/p>\n<h2>Como aplicar pol\u00edticas na pr\u00e1tica e obter resultados?<\/h2>\n<p>A transi\u00e7\u00e3o entre o documento institucional e a realidade depende, acima de tudo, da ades\u00e3o dos gestores, da comunica\u00e7\u00e3o clara e de m\u00e9todos de avalia\u00e7\u00e3o cont\u00ednua. N\u00e3o h\u00e1 resultado quando o texto da pol\u00edtica n\u00e3o se converte em pr\u00e1tica cotidiana.<\/p>\n<ol>\n<li><strong>Treinamentos peri\u00f3dicos:<\/strong> Conte\u00fados obrigat\u00f3rios aumentam a compreens\u00e3o das normas e fortalecem o protagonismo das lideran\u00e7as. Solu\u00e7\u00f5es como treinamentos certificados e automatizados, j\u00e1 disponibilizados no sistema do Sandora, reduzem a chance de erro humano na dissemina\u00e7\u00e3o de conte\u00fado.<\/li>\n<li><strong>Mensura\u00e7\u00e3o de riscos:<\/strong> O monitoramento recorrente, com uso de indicadores e ferramentas tecnol\u00f3gicas, permite identificar tend\u00eancias, antecipar focos de estresse e agir de modo proativo. Saiba mais em <a href=\"https:\/\/blog.sandora.me\/index.php\/2025\/04\/03\/prevencao-de-riscos-psicossociais\/\">como prevenir riscos psicossociais<\/a>.<\/li>\n<li><strong>Di\u00e1logo constante:<\/strong> Escutar diferentes \u00e1reas e criar grupos multifuncionais para discuss\u00e3o dos temas garante maior aceita\u00e7\u00e3o e legitimidade para as normas.<\/li>\n<li><strong>Relat\u00f3rios audit\u00e1veis e ajustes cont\u00ednuos:<\/strong> Relat\u00f3rios peri\u00f3dicos, como os fornecidos pelo projeto Sandora, mostram evid\u00eancias de avan\u00e7os, ajudam setores de compliance e fundamentam defesas legais em auditorias externas ou processos trabalhistas.<\/li>\n<li><strong>Atendimento psicol\u00f3gico:<\/strong> Garantir atendimento \u00e1gil, acess\u00edvel e seguro, especialmente ap\u00f3s situa\u00e7\u00f5es cr\u00edticas, demonstra cuidado real com a integridade de todos.<\/li>\n<\/ol>\n<p>A experi\u00eancia mostra que, com essas a\u00e7\u00f5es integradas, as organiza\u00e7\u00f5es constroem ambientes mais protegidos e alcan\u00e7am resultados vis\u00edveis na redu\u00e7\u00e3o de afastamentos, reclama\u00e7\u00f5es trabalhistas e conflitos internos. Inclusive, a\u00e7\u00f5es neste sentido s\u00e3o recomendadas pela <a href=\"https:\/\/teses.usp.br\/teses\/disponiveis\/2\/2138\/tde-11092020-023027\/pt-br.html\">pesquisa da USP sobre sa\u00fade mental do trabalhador<\/a>.<\/p>\n<p><img decoding=\"async\" src=\"https:\/\/ixymyhazbhztpjnlxmbd.supabase.co\/storage\/v1\/object\/images\/generated\/relatorio-gerenciamento-riscos-34.webp\" alt=\"Relat\u00f3rio de gerenciamento de riscos psicossociais exibido em computador \"><\/p>\n<h2>Desafios e oportunidades na implementa\u00e7\u00e3o<\/h2>\n<p>Nem sempre \u00e9 simples transformar diretrizes em realidade. Muitas empresas esbarram em resist\u00eancia cultural, desconhecimento ou recursos limitados para monitorar e acolher de modo efetivo. Por\u00e9m, tais barreiras podem ser transpostas com criatividade, lideran\u00e7a engajada e inova\u00e7\u00e3o tecnol\u00f3gica.<\/p>\n<p><strong>Automa\u00e7\u00e3o de processos, sistemas de den\u00fancia moderna e pol\u00edticas atualizadas s\u00e3o aliados para superar a subnotifica\u00e7\u00e3o de casos e democratizar o acesso a suporte, como defendem os dados do estudo da Fundacentro.<\/strong>Al\u00e9m disso, para atender \u00e0 legisla\u00e7\u00e3o e reduzir riscos, iniciativas como a adequa\u00e7\u00e3o de normas internas \u00e0s exig\u00eancias da NR-1 e NR-5, tema detalhado em <a href=\"https:\/\/blog.sandora.me\/index.php\/2026\/02\/24\/alinhar-normas-internas-nr-1-nr-5\/\">como alinhar normas internas \u00e0 legisla\u00e7\u00e3o<\/a>, s\u00e3o fundamentais.<\/p>\n<p>Dados do Abril Verde mostram que, al\u00e9m da prote\u00e7\u00e3o, pol\u00edticas institucionais ajudam a reduzir desigualdades de g\u00eanero e melhorar o clima organizacional, contribuindo diretamente para reten\u00e7\u00e3o de talentos e justi\u00e7a social. Segundo o levantamento, 63,46% dos afastamentos por transtornos mentais afetam mulheres, apontando para necessidades espec\u00edficas de inclus\u00e3o e aten\u00e7\u00e3o a p\u00fablicos vulner\u00e1veis (<a href=\"https:\/\/www.gov.br\/fundacentro\/pt-br\/comunicacao\/noticias\/noticias\/2026\/abril\/abril-verde-destaca-a-importancia-da-gestao-de-riscos-psicossociais-na-prevencao-de-acidentes-do-trabalho\">dados Previd\u00eancia Social 2025<\/a>).<\/p>\n<h2>Para avan\u00e7ar: diagn\u00f3stico, personaliza\u00e7\u00e3o e a\u00e7\u00e3o<\/h2>\n<p>A experi\u00eancia acumulada do projeto Sandora mostra, na pr\u00e1tica, que pol\u00edticas efetivas dependem de personaliza\u00e7\u00e3o. Por isso, o diagn\u00f3stico inicial deve considerar fatores espec\u00edficos do setor, da cultura local e do hist\u00f3rico da empresa.<\/p>\n<p>Empresas que realizam um diagn\u00f3stico inicial gratuito, como o oferecido pela Sandora, conseguem mapear com precis\u00e3o as \u00e1reas de risco e implementar solu\u00e7\u00f5es sob medida. O resultado \u00e9 a redu\u00e7\u00e3o de custos, de passivos e o fortalecimento de uma cultura que reconhece o valor humano.<\/p>\n<p><strong>Pol\u00edticas institucionais, tecnologia e lideran\u00e7a comprometida mudam hist\u00f3rias \u2013 na pr\u00e1tica e nas pessoas.<\/strong><\/p>\n<h2>Conclus\u00e3o<\/h2>\n<p>Construir um ambiente saud\u00e1vel requer atua\u00e7\u00e3o ativa, inova\u00e7\u00e3o constante e normas que ultrapassem a formalidade. O projeto Sandora \u00e9 refer\u00eancia em entregar solu\u00e7\u00f5es digitais e apoio t\u00e9cnico para prevenir riscos psicossociais com seguran\u00e7a, agilidade e personaliza\u00e7\u00e3o.<\/p>\n<p>Se deseja proteger sua equipe, atender a legisla\u00e7\u00e3o e promover bem-estar, <strong>fa\u00e7a o diagn\u00f3stico gratuito com a Sandora e transforme suas pol\u00edticas em pr\u00e1ticas de cuidado real<\/strong>.<\/p>\n<h2 class=\"question\">Perguntas frequentes sobre riscos psicossociais<\/h2>\n<h3 class=\"question\">O que s\u00e3o riscos psicossociais no trabalho?<\/h3>\n<p class=\"answer\">Riscos psicossociais s\u00e3o situa\u00e7\u00f5es presentes no ambiente laboral que podem levar ao sofrimento emocional, estresse, ansiedade ou adoecimento mental, como ass\u00e9dio, sobrecarga de trabalho, falta de reconhecimento e comunica\u00e7\u00e3o deficiente.<\/p>\n<h3 class=\"question\">Como reduzir riscos psicossociais na empresa?<\/h3>\n<p class=\"answer\">A redu\u00e7\u00e3o passa pela implementa\u00e7\u00e3o de pol\u00edticas claras, canais de den\u00fancia seguros, treinamentos regulares e a\u00e7\u00f5es de escuta ativa, al\u00e9m de monitoramento constante dos indicadores de sa\u00fade mental, conforme sugerido por estudos de \u00f3rg\u00e3os de refer\u00eancia.<\/p>\n<h3 class=\"question\">Quais pol\u00edticas previnem riscos psicossociais?<\/h3>\n<p class=\"answer\">Pol\u00edticas de combate ao ass\u00e9dio, promo\u00e7\u00e3o da diversidade, acolhimento, gest\u00e3o transparente de carga hor\u00e1ria e atendimento psicol\u00f3gico s\u00e3o exemplos de normas que auxiliam na preven\u00e7\u00e3o de riscos psicossociais no ambiente de trabalho.<\/p>\n<h3 class=\"question\">Por que investir em sa\u00fade mental institucional?<\/h3>\n<p class=\"answer\">Investir em sa\u00fade mental reduz afastamentos, diminui passivos trabalhistas, melhora o clima interno e aumenta a satisfa\u00e7\u00e3o da equipe, impactando positivamente os resultados da empresa e seu posicionamento no mercado.<\/p>\n<h3 class=\"question\">Quais os benef\u00edcios dessas pol\u00edticas para funcion\u00e1rios?<\/h3>\n<p class=\"answer\">Os funcion\u00e1rios sentem-se mais seguros, motivados e acolhidos, t\u00eam menor chance de adoecimento mental e maior engajamento, contribuindo para um ambiente mais justo e produtivo para todos.<\/p>\n","protected":false},"excerpt":{"rendered":"<p>Descubra como pol\u00edticas institucionais fortalecem a preven\u00e7\u00e3o de riscos psicossociais e garantem conformidade legal.<\/p>\n","protected":false},"author":2,"featured_media":209026,"comment_status":"open","ping_status":"open","sticky":false,"template":"","format":"standard","meta":{"_kad_post_transparent":"","_kad_post_title":"","_kad_post_layout":"","_kad_post_sidebar_id":"","_kad_post_content_style":"","_kad_post_vertical_padding":"","_kad_post_feature":"","_kad_post_feature_position":"","_kad_post_header":false,"_kad_post_footer":false,"footnotes":""},"categories":[361],"tags":[],"class_list":["post-209025","post","type-post","status-publish","format-standard","has-post-thumbnail","hentry","category-gestao-de-riscos"],"yoast_head":"<!-- This site is optimized with the Yoast SEO plugin v26.7 - https:\/\/yoast.com\/wordpress\/plugins\/seo\/ -->\n<title>Pol\u00edticas institucionais que reduzem riscos psicossociais na pr\u00e1tica - Blog da Sandy<\/title>\n<meta name=\"robots\" content=\"index, follow, max-snippet:-1, max-image-preview:large, max-video-preview:-1\" \/>\n<link rel=\"canonical\" href=\"https:\/\/blog.sandora.me\/index.php\/2026\/04\/28\/politicas-institucionais-que-reduzem-riscos-psicossociais-na-pratica\/\" \/>\n<meta property=\"og:locale\" content=\"pt_BR\" \/>\n<meta property=\"og:type\" content=\"article\" \/>\n<meta property=\"og:title\" content=\"Pol\u00edticas institucionais que reduzem riscos psicossociais na pr\u00e1tica - Blog da Sandy\" \/>\n<meta property=\"og:description\" content=\"Descubra como pol\u00edticas institucionais fortalecem a preven\u00e7\u00e3o de riscos psicossociais e garantem conformidade legal.\" \/>\n<meta property=\"og:url\" content=\"https:\/\/blog.sandora.me\/index.php\/2026\/04\/28\/politicas-institucionais-que-reduzem-riscos-psicossociais-na-pratica\/\" \/>\n<meta property=\"og:site_name\" content=\"Blog da Sandy\" \/>\n<meta property=\"article:published_time\" content=\"2026-04-28T14:05:00+00:00\" \/>\n<meta property=\"article:modified_time\" content=\"2026-04-28T14:05:02+00:00\" \/>\n<meta property=\"og:image\" content=\"https:\/\/blog.sandora.me\/wp-content\/uploads\/2026\/04\/politicas-bem-estar-trabalho-622.webp\" \/>\n\t<meta property=\"og:image:width\" content=\"1216\" \/>\n\t<meta property=\"og:image:height\" content=\"640\" \/>\n\t<meta property=\"og:image:type\" content=\"image\/webp\" \/>\n<meta name=\"author\" content=\"Sandy\" \/>\n<meta name=\"twitter:card\" content=\"summary_large_image\" \/>\n<meta name=\"twitter:label1\" content=\"Escrito por\" \/>\n\t<meta name=\"twitter:data1\" content=\"Sandy\" \/>\n\t<meta name=\"twitter:label2\" content=\"Est. tempo de leitura\" \/>\n\t<meta name=\"twitter:data2\" content=\"8 minutos\" \/>\n<script type=\"application\/ld+json\" class=\"yoast-schema-graph\">{\"@context\":\"https:\/\/schema.org\",\"@graph\":[{\"@type\":\"Article\",\"@id\":\"https:\/\/blog.sandora.me\/index.php\/2026\/04\/28\/politicas-institucionais-que-reduzem-riscos-psicossociais-na-pratica\/#article\",\"isPartOf\":{\"@id\":\"https:\/\/blog.sandora.me\/index.php\/2026\/04\/28\/politicas-institucionais-que-reduzem-riscos-psicossociais-na-pratica\/\"},\"author\":{\"name\":\"Sandy\",\"@id\":\"https:\/\/blog.sandora.me\/#\/schema\/person\/a52617c3dd46138c1225a0deca42078b\"},\"headline\":\"Pol\u00edticas institucionais que reduzem riscos psicossociais na pr\u00e1tica\",\"datePublished\":\"2026-04-28T14:05:00+00:00\",\"dateModified\":\"2026-04-28T14:05:02+00:00\",\"mainEntityOfPage\":{\"@id\":\"https:\/\/blog.sandora.me\/index.php\/2026\/04\/28\/politicas-institucionais-que-reduzem-riscos-psicossociais-na-pratica\/\"},\"wordCount\":1557,\"commentCount\":0,\"publisher\":{\"@id\":\"https:\/\/blog.sandora.me\/#organization\"},\"image\":{\"@id\":\"https:\/\/blog.sandora.me\/index.php\/2026\/04\/28\/politicas-institucionais-que-reduzem-riscos-psicossociais-na-pratica\/#primaryimage\"},\"thumbnailUrl\":\"https:\/\/blog.sandora.me\/wp-content\/uploads\/2026\/04\/politicas-bem-estar-trabalho-622.webp\",\"articleSection\":[\"Gest\u00e3o de Riscos\"],\"inLanguage\":\"pt-BR\",\"potentialAction\":[{\"@type\":\"CommentAction\",\"name\":\"Comment\",\"target\":[\"https:\/\/blog.sandora.me\/index.php\/2026\/04\/28\/politicas-institucionais-que-reduzem-riscos-psicossociais-na-pratica\/#respond\"]}]},{\"@type\":\"WebPage\",\"@id\":\"https:\/\/blog.sandora.me\/index.php\/2026\/04\/28\/politicas-institucionais-que-reduzem-riscos-psicossociais-na-pratica\/\",\"url\":\"https:\/\/blog.sandora.me\/index.php\/2026\/04\/28\/politicas-institucionais-que-reduzem-riscos-psicossociais-na-pratica\/\",\"name\":\"Pol\u00edticas institucionais que reduzem riscos psicossociais na pr\u00e1tica - Blog da Sandy\",\"isPartOf\":{\"@id\":\"https:\/\/blog.sandora.me\/#website\"},\"primaryImageOfPage\":{\"@id\":\"https:\/\/blog.sandora.me\/index.php\/2026\/04\/28\/politicas-institucionais-que-reduzem-riscos-psicossociais-na-pratica\/#primaryimage\"},\"image\":{\"@id\":\"https:\/\/blog.sandora.me\/index.php\/2026\/04\/28\/politicas-institucionais-que-reduzem-riscos-psicossociais-na-pratica\/#primaryimage\"},\"thumbnailUrl\":\"https:\/\/blog.sandora.me\/wp-content\/uploads\/2026\/04\/politicas-bem-estar-trabalho-622.webp\",\"datePublished\":\"2026-04-28T14:05:00+00:00\",\"dateModified\":\"2026-04-28T14:05:02+00:00\",\"breadcrumb\":{\"@id\":\"https:\/\/blog.sandora.me\/index.php\/2026\/04\/28\/politicas-institucionais-que-reduzem-riscos-psicossociais-na-pratica\/#breadcrumb\"},\"inLanguage\":\"pt-BR\",\"potentialAction\":[{\"@type\":\"ReadAction\",\"target\":[\"https:\/\/blog.sandora.me\/index.php\/2026\/04\/28\/politicas-institucionais-que-reduzem-riscos-psicossociais-na-pratica\/\"]}]},{\"@type\":\"ImageObject\",\"inLanguage\":\"pt-BR\",\"@id\":\"https:\/\/blog.sandora.me\/index.php\/2026\/04\/28\/politicas-institucionais-que-reduzem-riscos-psicossociais-na-pratica\/#primaryimage\",\"url\":\"https:\/\/blog.sandora.me\/wp-content\/uploads\/2026\/04\/politicas-bem-estar-trabalho-622.webp\",\"contentUrl\":\"https:\/\/blog.sandora.me\/wp-content\/uploads\/2026\/04\/politicas-bem-estar-trabalho-622.webp\",\"width\":1216,\"height\":640,\"caption\":\"Equipe descontra\u00edda participa de sess\u00e3o sobre bem-estar e pol\u00edticas internas em sala de reuni\u00e3o ampla\"},{\"@type\":\"BreadcrumbList\",\"@id\":\"https:\/\/blog.sandora.me\/index.php\/2026\/04\/28\/politicas-institucionais-que-reduzem-riscos-psicossociais-na-pratica\/#breadcrumb\",\"itemListElement\":[{\"@type\":\"ListItem\",\"position\":1,\"name\":\"In\u00edcio\",\"item\":\"https:\/\/blog.sandora.me\/\"},{\"@type\":\"ListItem\",\"position\":2,\"name\":\"Pol\u00edticas institucionais que reduzem riscos psicossociais na pr\u00e1tica\"}]},{\"@type\":\"WebSite\",\"@id\":\"https:\/\/blog.sandora.me\/#website\",\"url\":\"https:\/\/blog.sandora.me\/\",\"name\":\"Blog da Sandy\",\"description\":\"Conectamos mulheres\",\"publisher\":{\"@id\":\"https:\/\/blog.sandora.me\/#organization\"},\"potentialAction\":[{\"@type\":\"SearchAction\",\"target\":{\"@type\":\"EntryPoint\",\"urlTemplate\":\"https:\/\/blog.sandora.me\/?s={search_term_string}\"},\"query-input\":{\"@type\":\"PropertyValueSpecification\",\"valueRequired\":true,\"valueName\":\"search_term_string\"}}],\"inLanguage\":\"pt-BR\"},{\"@type\":\"Organization\",\"@id\":\"https:\/\/blog.sandora.me\/#organization\",\"name\":\"Blog da Sandy\",\"url\":\"https:\/\/blog.sandora.me\/\",\"logo\":{\"@type\":\"ImageObject\",\"inLanguage\":\"pt-BR\",\"@id\":\"https:\/\/blog.sandora.me\/#\/schema\/logo\/image\/\",\"url\":\"https:\/\/blog.sandora.me\/wp-content\/uploads\/2023\/08\/cropped-logoWhite.png\",\"contentUrl\":\"https:\/\/blog.sandora.me\/wp-content\/uploads\/2023\/08\/cropped-logoWhite.png\",\"width\":634,\"height\":159,\"caption\":\"Blog da Sandy\"},\"image\":{\"@id\":\"https:\/\/blog.sandora.me\/#\/schema\/logo\/image\/\"}},{\"@type\":\"Person\",\"@id\":\"https:\/\/blog.sandora.me\/#\/schema\/person\/a52617c3dd46138c1225a0deca42078b\",\"name\":\"Sandy\",\"image\":{\"@type\":\"ImageObject\",\"inLanguage\":\"pt-BR\",\"@id\":\"https:\/\/blog.sandora.me\/#\/schema\/person\/image\/\",\"url\":\"https:\/\/secure.gravatar.com\/avatar\/19f6b0a937ada718a1b118e7cd3261495845d90171089048e116d0e2b7f4e10f?s=96&d=mm&r=g\",\"contentUrl\":\"https:\/\/secure.gravatar.com\/avatar\/19f6b0a937ada718a1b118e7cd3261495845d90171089048e116d0e2b7f4e10f?s=96&d=mm&r=g\",\"caption\":\"Sandy\"},\"url\":\"https:\/\/blog.sandora.me\/index.php\/author\/sandy\/\"}]}<\/script>\n<!-- \/ Yoast SEO plugin. -->","yoast_head_json":{"title":"Pol\u00edticas institucionais que reduzem riscos psicossociais na pr\u00e1tica - Blog da Sandy","robots":{"index":"index","follow":"follow","max-snippet":"max-snippet:-1","max-image-preview":"max-image-preview:large","max-video-preview":"max-video-preview:-1"},"canonical":"https:\/\/blog.sandora.me\/index.php\/2026\/04\/28\/politicas-institucionais-que-reduzem-riscos-psicossociais-na-pratica\/","og_locale":"pt_BR","og_type":"article","og_title":"Pol\u00edticas institucionais que reduzem riscos psicossociais na pr\u00e1tica - Blog da Sandy","og_description":"Descubra como pol\u00edticas institucionais fortalecem a preven\u00e7\u00e3o de riscos psicossociais e garantem conformidade legal.","og_url":"https:\/\/blog.sandora.me\/index.php\/2026\/04\/28\/politicas-institucionais-que-reduzem-riscos-psicossociais-na-pratica\/","og_site_name":"Blog da Sandy","article_published_time":"2026-04-28T14:05:00+00:00","article_modified_time":"2026-04-28T14:05:02+00:00","og_image":[{"width":1216,"height":640,"url":"https:\/\/blog.sandora.me\/wp-content\/uploads\/2026\/04\/politicas-bem-estar-trabalho-622.webp","type":"image\/webp"}],"author":"Sandy","twitter_card":"summary_large_image","twitter_misc":{"Escrito por":"Sandy","Est. tempo de leitura":"8 minutos"},"schema":{"@context":"https:\/\/schema.org","@graph":[{"@type":"Article","@id":"https:\/\/blog.sandora.me\/index.php\/2026\/04\/28\/politicas-institucionais-que-reduzem-riscos-psicossociais-na-pratica\/#article","isPartOf":{"@id":"https:\/\/blog.sandora.me\/index.php\/2026\/04\/28\/politicas-institucionais-que-reduzem-riscos-psicossociais-na-pratica\/"},"author":{"name":"Sandy","@id":"https:\/\/blog.sandora.me\/#\/schema\/person\/a52617c3dd46138c1225a0deca42078b"},"headline":"Pol\u00edticas institucionais que reduzem riscos psicossociais na pr\u00e1tica","datePublished":"2026-04-28T14:05:00+00:00","dateModified":"2026-04-28T14:05:02+00:00","mainEntityOfPage":{"@id":"https:\/\/blog.sandora.me\/index.php\/2026\/04\/28\/politicas-institucionais-que-reduzem-riscos-psicossociais-na-pratica\/"},"wordCount":1557,"commentCount":0,"publisher":{"@id":"https:\/\/blog.sandora.me\/#organization"},"image":{"@id":"https:\/\/blog.sandora.me\/index.php\/2026\/04\/28\/politicas-institucionais-que-reduzem-riscos-psicossociais-na-pratica\/#primaryimage"},"thumbnailUrl":"https:\/\/blog.sandora.me\/wp-content\/uploads\/2026\/04\/politicas-bem-estar-trabalho-622.webp","articleSection":["Gest\u00e3o de Riscos"],"inLanguage":"pt-BR","potentialAction":[{"@type":"CommentAction","name":"Comment","target":["https:\/\/blog.sandora.me\/index.php\/2026\/04\/28\/politicas-institucionais-que-reduzem-riscos-psicossociais-na-pratica\/#respond"]}]},{"@type":"WebPage","@id":"https:\/\/blog.sandora.me\/index.php\/2026\/04\/28\/politicas-institucionais-que-reduzem-riscos-psicossociais-na-pratica\/","url":"https:\/\/blog.sandora.me\/index.php\/2026\/04\/28\/politicas-institucionais-que-reduzem-riscos-psicossociais-na-pratica\/","name":"Pol\u00edticas institucionais que reduzem riscos psicossociais na pr\u00e1tica - Blog da Sandy","isPartOf":{"@id":"https:\/\/blog.sandora.me\/#website"},"primaryImageOfPage":{"@id":"https:\/\/blog.sandora.me\/index.php\/2026\/04\/28\/politicas-institucionais-que-reduzem-riscos-psicossociais-na-pratica\/#primaryimage"},"image":{"@id":"https:\/\/blog.sandora.me\/index.php\/2026\/04\/28\/politicas-institucionais-que-reduzem-riscos-psicossociais-na-pratica\/#primaryimage"},"thumbnailUrl":"https:\/\/blog.sandora.me\/wp-content\/uploads\/2026\/04\/politicas-bem-estar-trabalho-622.webp","datePublished":"2026-04-28T14:05:00+00:00","dateModified":"2026-04-28T14:05:02+00:00","breadcrumb":{"@id":"https:\/\/blog.sandora.me\/index.php\/2026\/04\/28\/politicas-institucionais-que-reduzem-riscos-psicossociais-na-pratica\/#breadcrumb"},"inLanguage":"pt-BR","potentialAction":[{"@type":"ReadAction","target":["https:\/\/blog.sandora.me\/index.php\/2026\/04\/28\/politicas-institucionais-que-reduzem-riscos-psicossociais-na-pratica\/"]}]},{"@type":"ImageObject","inLanguage":"pt-BR","@id":"https:\/\/blog.sandora.me\/index.php\/2026\/04\/28\/politicas-institucionais-que-reduzem-riscos-psicossociais-na-pratica\/#primaryimage","url":"https:\/\/blog.sandora.me\/wp-content\/uploads\/2026\/04\/politicas-bem-estar-trabalho-622.webp","contentUrl":"https:\/\/blog.sandora.me\/wp-content\/uploads\/2026\/04\/politicas-bem-estar-trabalho-622.webp","width":1216,"height":640,"caption":"Equipe descontra\u00edda participa de sess\u00e3o sobre bem-estar e pol\u00edticas internas em sala de reuni\u00e3o ampla"},{"@type":"BreadcrumbList","@id":"https:\/\/blog.sandora.me\/index.php\/2026\/04\/28\/politicas-institucionais-que-reduzem-riscos-psicossociais-na-pratica\/#breadcrumb","itemListElement":[{"@type":"ListItem","position":1,"name":"In\u00edcio","item":"https:\/\/blog.sandora.me\/"},{"@type":"ListItem","position":2,"name":"Pol\u00edticas institucionais que reduzem riscos psicossociais na pr\u00e1tica"}]},{"@type":"WebSite","@id":"https:\/\/blog.sandora.me\/#website","url":"https:\/\/blog.sandora.me\/","name":"Blog da Sandy","description":"Conectamos mulheres","publisher":{"@id":"https:\/\/blog.sandora.me\/#organization"},"potentialAction":[{"@type":"SearchAction","target":{"@type":"EntryPoint","urlTemplate":"https:\/\/blog.sandora.me\/?s={search_term_string}"},"query-input":{"@type":"PropertyValueSpecification","valueRequired":true,"valueName":"search_term_string"}}],"inLanguage":"pt-BR"},{"@type":"Organization","@id":"https:\/\/blog.sandora.me\/#organization","name":"Blog da Sandy","url":"https:\/\/blog.sandora.me\/","logo":{"@type":"ImageObject","inLanguage":"pt-BR","@id":"https:\/\/blog.sandora.me\/#\/schema\/logo\/image\/","url":"https:\/\/blog.sandora.me\/wp-content\/uploads\/2023\/08\/cropped-logoWhite.png","contentUrl":"https:\/\/blog.sandora.me\/wp-content\/uploads\/2023\/08\/cropped-logoWhite.png","width":634,"height":159,"caption":"Blog da Sandy"},"image":{"@id":"https:\/\/blog.sandora.me\/#\/schema\/logo\/image\/"}},{"@type":"Person","@id":"https:\/\/blog.sandora.me\/#\/schema\/person\/a52617c3dd46138c1225a0deca42078b","name":"Sandy","image":{"@type":"ImageObject","inLanguage":"pt-BR","@id":"https:\/\/blog.sandora.me\/#\/schema\/person\/image\/","url":"https:\/\/secure.gravatar.com\/avatar\/19f6b0a937ada718a1b118e7cd3261495845d90171089048e116d0e2b7f4e10f?s=96&d=mm&r=g","contentUrl":"https:\/\/secure.gravatar.com\/avatar\/19f6b0a937ada718a1b118e7cd3261495845d90171089048e116d0e2b7f4e10f?s=96&d=mm&r=g","caption":"Sandy"},"url":"https:\/\/blog.sandora.me\/index.php\/author\/sandy\/"}]}},"_links":{"self":[{"href":"https:\/\/blog.sandora.me\/index.php\/wp-json\/wp\/v2\/posts\/209025","targetHints":{"allow":["GET"]}}],"collection":[{"href":"https:\/\/blog.sandora.me\/index.php\/wp-json\/wp\/v2\/posts"}],"about":[{"href":"https:\/\/blog.sandora.me\/index.php\/wp-json\/wp\/v2\/types\/post"}],"author":[{"embeddable":true,"href":"https:\/\/blog.sandora.me\/index.php\/wp-json\/wp\/v2\/users\/2"}],"replies":[{"embeddable":true,"href":"https:\/\/blog.sandora.me\/index.php\/wp-json\/wp\/v2\/comments?post=209025"}],"version-history":[{"count":0,"href":"https:\/\/blog.sandora.me\/index.php\/wp-json\/wp\/v2\/posts\/209025\/revisions"}],"wp:featuredmedia":[{"embeddable":true,"href":"https:\/\/blog.sandora.me\/index.php\/wp-json\/wp\/v2\/media\/209026"}],"wp:attachment":[{"href":"https:\/\/blog.sandora.me\/index.php\/wp-json\/wp\/v2\/media?parent=209025"}],"wp:term":[{"taxonomy":"category","embeddable":true,"href":"https:\/\/blog.sandora.me\/index.php\/wp-json\/wp\/v2\/categories?post=209025"},{"taxonomy":"post_tag","embeddable":true,"href":"https:\/\/blog.sandora.me\/index.php\/wp-json\/wp\/v2\/tags?post=209025"}],"curies":[{"name":"wp","href":"https:\/\/api.w.org\/{rel}","templated":true}]}}