{"id":208973,"date":"2026-03-11T12:08:00","date_gmt":"2026-03-11T12:08:00","guid":{"rendered":"https:\/\/blog.sandora.me\/?p=208973"},"modified":"2026-03-11T09:08:08","modified_gmt":"2026-03-11T12:08:08","slug":"como-estruturar-politicas-de-saude-mental-no-trabalho","status":"publish","type":"post","link":"https:\/\/blog.sandora.me\/index.php\/2026\/03\/11\/como-estruturar-politicas-de-saude-mental-no-trabalho\/","title":{"rendered":"Como estruturar pol\u00edticas de sa\u00fade mental no ambiente de trabalho"},"content":{"rendered":"<p>Estruturar pol\u00edticas de sa\u00fade mental no ambiente de trabalho \u00e9 uma necessidade que se fortalece a cada ano, principalmente diante do crescimento dos afastamentos relacionados a transtornos mentais no Brasil. Dados recentes mostram um aumento expressivo nessas ocorr\u00eancias e apontam para uma demanda real das organiza\u00e7\u00f5es em adotar pr\u00e1ticas seguras, transparentes e acolhedoras. Implementar essas pol\u00edticas, al\u00e9m de atender \u00e0s exig\u00eancias legais como a Lei 14.457\/22 e normas regulamentadoras, contribui para o bem-estar coletivo e para a sustentabilidade dos neg\u00f3cios.<\/p>\n<h2>Por que pol\u00edticas de sa\u00fade mental s\u00e3o urgentes?<\/h2>\n<p>O cen\u00e1rio atual imp\u00f5e desafios \u00e0s empresas. Segundo pesquisas divulgadas <a href=\"https:\/\/csb.org.br\/noticias\/afastamentos-saude-mental-crescem-2024\">em 2024<\/a>, o Brasil registrou mais de 470 mil afastamentos do trabalho por motivos ligados \u00e0 sa\u00fade mental, representando uma eleva\u00e7\u00e3o de 68% em rela\u00e7\u00e3o ao ano anterior. Pesquisadoras do Conselho Nacional de Sa\u00fade alertam que os transtornos mentais j\u00e1 s\u00e3o a terceira maior causa de afastamento no pa\u00eds, caracterizando tal situa\u00e7\u00e3o como epid\u00eamica (<a href=\"https:\/\/www.gov.br\/conselho-nacional-de-saude\/pt-br\/assuntos\/noticias\/2023\/maio\/sofrimento-psiquico-no-ambiente-de-trabalho-pesquisadoras-apontam-situacao-epidemica-na-saude-mental-no-brasil\">confira o estudo completo<\/a>).<\/p>\n<blockquote><p>Fortalecer pol\u00edticas \u00e9 proteger pessoas e empresas ao mesmo tempo.<\/p><\/blockquote>\n<p>Al\u00e9m do aspecto humano, h\u00e1 impactos financeiros: afastamentos frequentes afetam a continuidade das opera\u00e7\u00f5es e podem gerar passivos trabalhistas. N\u00e3o cuidar desse tema tornou-se um risco, tanto para o clima organizacional quanto para a reputa\u00e7\u00e3o das organiza\u00e7\u00f5es. A Sandora tem observado e auxiliado empresas que buscam estruturar esse cuidado, reduzindo problemas de conformidade e proporcionando um ambiente mais saud\u00e1vel.<\/p>\n<h2>Como iniciar a estrutura\u00e7\u00e3o das pol\u00edticas de sa\u00fade mental?<\/h2>\n<p>A cria\u00e7\u00e3o de pol\u00edticas deve seguir uma sequ\u00eancia l\u00f3gica, respeitando as singularidades de cada empresa. Veja os passos fundamentais:<\/p>\n<ol>\n<li>    <strong>Diagn\u00f3stico da situa\u00e7\u00e3o atual:<\/strong> \u00c9 fundamental conhecer o cen\u00e1rio interno. Empresas podem aplicar pesquisas de clima, rastrear indicadores de absente\u00edsmo e analisar demandas no canal de den\u00fancias. Ferramentas como os diagn\u00f3sticos gratuitos oferecidos pela Sandora ajudam a identificar rapidamente os principais riscos.  <\/li>\n<li>    <strong>Envolvimento da lideran\u00e7a:<\/strong> Sem o apoio dos gestores, pol\u00edticas acabam enfraquecidas. Renovar o compromisso da alta dire\u00e7\u00e3o e desenvolver seu papel como exemplo de cuidado coletivo \u00e9 indispens\u00e1vel.  <\/li>\n<li>    <strong>Participa\u00e7\u00e3o dos colaboradores:<\/strong> O processo precisa ser colaborativo. Canais de escuta ativa, reuni\u00f5es e pesquisas frequentes favorecem a constru\u00e7\u00e3o de solu\u00e7\u00f5es feitas sob medida.  <\/li>\n<li>    <strong>Elabora\u00e7\u00e3o das pol\u00edticas:<\/strong> Este passo formaliza o compromisso. As diretrizes devem ser claras, acess\u00edveis e incluir procedimentos de acolhimento, prote\u00e7\u00e3o de dados e promo\u00e7\u00e3o de sa\u00fade mental.  <\/li>\n<li>    <strong>Capacita\u00e7\u00e3o e treinamentos:<\/strong> A sensibiliza\u00e7\u00e3o da equipe, desde o RH at\u00e9 l\u00edderes de times, garante que todos saibam como agir, identificar sinais de risco e buscar apoio correto.  <\/li>\n<li>    <strong>Monitoramento e atualiza\u00e7\u00e3o constante:<\/strong> Um ciclo de revis\u00f5es peri\u00f3dicas permite ajustes necess\u00e1rios e evidencia para os \u00f3rg\u00e3os de controle o esfor\u00e7o cont\u00ednuo da empresa.  <\/li>\n<\/ol>\n<p>Conte\u00fados que detalham essas etapas podem ser encontrados no artigo sobre <a href=\"https:\/\/blog.sandora.me\/index.php\/2026\/02\/03\/como-criar-politicas-internas-mensuracao-nr-01\/\">cria\u00e7\u00e3o de pol\u00edticas internas e mensura\u00e7\u00e3o NR-01<\/a>.<\/p>\n<h2>Os principais pilares das pol\u00edticas de sa\u00fade mental<\/h2>\n<p>Ao estruturar uma pol\u00edtica, alguns pilares n\u00e3o podem faltar. S\u00e3o eles que tornam a pr\u00e1tica efetiva e abrangente:<\/p>\n<ul>\n<li>    <strong>Preven\u00e7\u00e3o:<\/strong> Fomenta o desenvolvimento de ambientes livres de ass\u00e9dio, press\u00f5es indevidas e discrimina\u00e7\u00e3o. Pr\u00e1ticas preventivas v\u00e3o de campanhas a ajustes na carga de trabalho.  <\/li>\n<li>    <strong>Acolhimento:<\/strong> Refor\u00e7a a exist\u00eancia de apoio psicol\u00f3gico, grupos de escuta e canais sigilosos. Ferramentas automatizadas, como as oferecidas pela Sandora, facilitam esse processo com sigilo.  <\/li>\n<li>    <strong>Capacita\u00e7\u00e3o:<\/strong> Investir em treinamentos certificados sobre sa\u00fade mental amplia o olhar da equipe e suporta o cuidado m\u00fatuo.   <\/li>\n<li>    <strong>Medi\u00e7\u00e3o e transpar\u00eancia:<\/strong> Definir indicadores e disponibiliz\u00e1-los em relat\u00f3rios audit\u00e1veis revela compromisso e incentiva melhorias cont\u00ednuas.   <\/li>\n<\/ul>\n<p><img decoding=\"async\" src=\"https:\/\/ixymyhazbhztpjnlxmbd.supabase.co\/storage\/v1\/object\/images\/generated\/colaboradores-reunidos-549.webp\" alt=\"Equipe de colaboradores reunida em mesa discutindo pol\u00edticas organizacionais \"><\/p>\n<p>\u00c9 importante considerar que 31% dos trabalhadores brasileiros ainda n\u00e3o buscam ativamente formas de cuidado com a sa\u00fade mental, como destaca <a href=\"https:\/\/www.cnnbrasil.com.br\/saude\/31-dos-trabalhadores-brasileiros-nao-cuidam-da-saude-mental-diz-estudo\/\">uma pesquisa recente<\/a>. Quando a empresa age, incentiva mudan\u00e7as de comportamento e gera confian\u00e7a no clima organizacional.<\/p>\n<h2>Pol\u00edticas e conformidade: o papel das normas legais<\/h2>\n<p>No Brasil, a legisla\u00e7\u00e3o \u00e9 clara quanto \u00e0 necessidade de proteger trabalhadores no \u00e2mbito f\u00edsico e mental. A Lei 14.457\/22, as NRs 1 e 5 e outros dispositivos exigem pol\u00edticas, treinamentos e monitoramento.  Empresas que ignoram esses requisitos podem enfrentar san\u00e7\u00f5es e processos. O artigo <a href=\"https:\/\/blog.sandora.me\/index.php\/2026\/01\/27\/gestao-saude-mental-indicadores-empresa\/\">gest\u00e3o de sa\u00fade mental e indicadores organizacionais<\/a> explica como alinhar m\u00e9tricas aos requisitos legais e evitar surpresas indesejadas.<\/p>\n<blockquote><p>Pol\u00edtica clara reduz riscos trabalhistas e demonstra respeito pelo colaborador.<\/p><\/blockquote>\n<p>A especialista Viviane Lima, consultora em clima organizacional, afirma que \u201ca aus\u00eancia de pol\u00edtica de sa\u00fade mental exp\u00f5e a empresa tanto \u00e0 rotatividade quanto a danos reputacionais\u201d. Ela observa que a implementa\u00e7\u00e3o de protocolos seguros, combinando canais de den\u00fancia e atendimento psicol\u00f3gico, \u00e9 um diferencial para o ambiente corporativo.<\/p>\n<h2>Como engajar colaboradores e tornar a pol\u00edtica parte da cultura?<\/h2>\n<p>Uma pol\u00edtica s\u00f3 se torna real com engajamento. Veja pr\u00e1ticas que aumentam o envolvimento dos times:<\/p>\n<ul>\n<li>Comunica\u00e7\u00e3o clara e regular sobre as diretrizes e canais de apoio dispon\u00edveis;<\/li>\n<li>A\u00e7\u00f5es de valoriza\u00e7\u00e3o, reconhecimento e pertencimento;<\/li>\n<li>Realiza\u00e7\u00e3o de eventos e treinamentos participativos;<\/li>\n<li>Promover feedbacks construtivos e vigil\u00e2ncia ativa contra sinais de risco.<\/li>\n<\/ul>\n<p>Pequenas experi\u00eancias demonstram o quanto cuidar da escuta e oferecer acolhimento faz diferen\u00e7a na rotina de trabalho. <strong>As pessoas sentem seguran\u00e7a quando percebem que pol\u00edticas saem do papel e chegam ao cotidiano.<\/strong><\/p>\n<p><img decoding=\"async\" src=\"https:\/\/ixymyhazbhztpjnlxmbd.supabase.co\/storage\/v1\/object\/images\/generated\/cuidado-psicologico-trabalho-662.webp\" alt=\"Profissional de RH conversando com colaboradora em sala privativa do escrit\u00f3rio \"><\/p>\n<p>O suporte automatizado da Sandora, por exemplo, oferece atendimento psicol\u00f3gico, mensura\u00e7\u00e3o de riscos em tempo real, treinamentos e pol\u00edticas personalizadas, simplificando processos e trazendo resultados mensur\u00e1veis. Outras recomenda\u00e7\u00f5es pr\u00e1ticas sobre sa\u00fade mental na rotina est\u00e3o presentes no conte\u00fado <a href=\"https:\/\/blog.sandora.me\/index.php\/2025\/05\/22\/saude-mental-empresa\/\">como a sa\u00fade mental impacta empresas<\/a>.<\/p>\n<h2>Como medir resultados e garantir melhorias constantes?<\/h2>\n<p>Indicadores s\u00e3o o melhor caminho para mostrar avan\u00e7os. A recomenda\u00e7\u00e3o \u00e9 monitorar dados de absente\u00edsmo, afastamentos m\u00e9dicos, feedbacks em pesquisas de clima e participa\u00e7\u00e3o em treinamentos. Essas informa\u00e7\u00f5es devem ser analisadas periodicamente e comparadas com benchmarks do setor. <strong>A mensura\u00e7\u00e3o frequente ajuda o RH e l\u00edderes a corrigirem rotas e a fortalecerem a confian\u00e7a dos colaboradores.<\/strong><\/p>\n<p>Materiais importantes para aprofundar-se no tema da sa\u00fade mental no trabalho podem ser vistos em <a href=\"https:\/\/blog.sandora.me\/index.php\/2025\/03\/06\/saude-mental-no-trabalho\/\">artigo sobre sa\u00fade mental e ambiente de trabalho<\/a> e em <a href=\"https:\/\/blog.sandora.me\/index.php\/2025\/03\/17\/saude-mental\/\">explica\u00e7\u00f5es sobre sa\u00fade mental sob o olhar organizacional<\/a>. <\/p>\n<h2>Conclus\u00e3o<\/h2>\n<p>Estruturar pol\u00edticas de sa\u00fade mental n\u00e3o \u00e9 tarefa r\u00e1pida ou autom\u00e1tica, mas hoje \u00e9 uma urg\u00eancia no contexto nacional e um diferencial competitivo. Projetos como a Sandora tornam o caminho mais simples, pr\u00e1tico e audit\u00e1vel para quem deseja cuidar de pessoas de forma s\u00e9ria e estruturada. Investir na sa\u00fade mental traz retorno para todos: menos afastamentos, mais confian\u00e7a e alinhamento com as normas vigentes (<a href=\"https:\/\/www.gov.br\/trabalho-e-emprego\/pt-br\/noticias-e-conteudo\/2025\/outubro\/saude-mental-no-trabalho-e-investimento-em-produtividade-defendem-especialistas\">saiba mais sobre o impacto do investimento<\/a>).<\/p>\n<p>Empresas que valorizam pol\u00edticas claras, treinamento, mensura\u00e7\u00e3o e apoio cont\u00ednuo protegem-se de riscos e constroem equipes mais fortes. <strong>Para come\u00e7ar a estruturar suas pol\u00edticas e potencializar o cuidado, fa\u00e7a o diagn\u00f3stico gratuito com a Sandora e conhe\u00e7a as solu\u00e7\u00f5es que unem tecnologia e acolhimento.<\/strong><\/p>\n<h2 class=\"question\">Perguntas frequentes sobre pol\u00edticas de sa\u00fade mental<\/h2>\n<h3 class=\"question\">O que s\u00e3o pol\u00edticas de sa\u00fade mental?<\/h3>\n<p class=\"answer\"><strong>Pol\u00edticas de sa\u00fade mental s\u00e3o conjuntos de diretrizes e pr\u00e1ticas definidas pela empresa para promover, proteger e apoiar o bem-estar psicol\u00f3gico dos trabalhadores.<\/strong> Elas formalizam compromissos, determinam canais de apoio, procedimentos e regras para preven\u00e7\u00e3o de riscos psicossociais.<\/p>\n<h3 class=\"question\">Como implementar sa\u00fade mental no trabalho?<\/h3>\n<p class=\"answer\">Para implementar a sa\u00fade mental no ambiente corporativo, a empresa deve cumprir etapas como diagn\u00f3stico da realidade, engajamento da lideran\u00e7a, comunica\u00e7\u00e3o transparente, elabora\u00e7\u00e3o de pol\u00edticas claras, capacita\u00e7\u00e3o dos colaboradores, monitoramento de indicadores e revis\u00e3o constante das pr\u00e1ticas. Esse processo deve contar com o apoio de especialistas e ferramentas tecnol\u00f3gicas para alcan\u00e7ar resultados efetivos.<\/p>\n<h3 class=\"question\">Quais benef\u00edcios das pol\u00edticas de sa\u00fade mental?<\/h3>\n<p class=\"answer\"><strong>Entre os benef\u00edcios est\u00e3o a preven\u00e7\u00e3o de afastamentos, melhora do clima organizacional, aumento do engajamento, redu\u00e7\u00e3o de passivos trabalhistas e alinhamento com as exig\u00eancias legais.<\/strong> Empresas que investem nessas pol\u00edticas tendem a ganhar produtividade, credibilidade e t\u00eam equipes mais confiantes e saud\u00e1veis.<\/p>\n<h3 class=\"question\">Como engajar funcion\u00e1rios nessas pol\u00edticas?<\/h3>\n<p class=\"answer\">O engajamento acontece por meio de uma comunica\u00e7\u00e3o constante, oferta de canais de escuta ativa, envolvimento dos colaboradores na cria\u00e7\u00e3o das pol\u00edticas, a\u00e7\u00f5es que valorizem o bem-estar e treinamentos regulares que demonstrem a import\u00e2ncia do tema.<\/p>\n<h3 class=\"question\">Quanto custa estruturar essas pol\u00edticas?<\/h3>\n<p class=\"answer\">O valor pode variar conforme o tamanho da empresa, escopo das a\u00e7\u00f5es, treinamentos e tecnologia empregada. \u00c9 poss\u00edvel come\u00e7ar com a\u00e7\u00f5es de baixo custo, como campanhas de conscientiza\u00e7\u00e3o, e evoluir para solu\u00e7\u00f5es integradas com mensura\u00e7\u00e3o constante, como as ofertadas pela Sandora. O retorno \u00e9 observado na redu\u00e7\u00e3o de afastamentos e no clima positivo que se consolida.<\/p>\n","protected":false},"excerpt":{"rendered":"<p>Saiba como implementar pol\u00edticas de sa\u00fade mental alinhadas \u00e0 Lei 14.457\/22 e NR-1 para proteger sua equipe eficazmente.<\/p>\n","protected":false},"author":2,"featured_media":208974,"comment_status":"open","ping_status":"open","sticky":false,"template":"","format":"standard","meta":{"_kad_post_transparent":"","_kad_post_title":"","_kad_post_layout":"","_kad_post_sidebar_id":"","_kad_post_content_style":"","_kad_post_vertical_padding":"","_kad_post_feature":"","_kad_post_feature_position":"","_kad_post_header":false,"_kad_post_footer":false,"footnotes":""},"categories":[363],"tags":[],"class_list":["post-208973","post","type-post","status-publish","format-standard","has-post-thumbnail","hentry","category-clima-organizacional"],"yoast_head":"<!-- This site is optimized with the Yoast SEO plugin v26.7 - https:\/\/yoast.com\/wordpress\/plugins\/seo\/ -->\n<title>Como estruturar pol\u00edticas de sa\u00fade mental no ambiente de trabalho - Blog da Sandy<\/title>\n<meta name=\"robots\" content=\"index, follow, max-snippet:-1, max-image-preview:large, max-video-preview:-1\" \/>\n<link rel=\"canonical\" href=\"https:\/\/blog.sandora.me\/index.php\/2026\/03\/11\/como-estruturar-politicas-de-saude-mental-no-trabalho\/\" \/>\n<meta property=\"og:locale\" content=\"pt_BR\" \/>\n<meta property=\"og:type\" content=\"article\" \/>\n<meta property=\"og:title\" content=\"Como estruturar pol\u00edticas de sa\u00fade mental no ambiente de trabalho - Blog da Sandy\" \/>\n<meta property=\"og:description\" content=\"Saiba como implementar pol\u00edticas de sa\u00fade mental alinhadas \u00e0 Lei 14.457\/22 e NR-1 para proteger sua equipe eficazmente.\" \/>\n<meta property=\"og:url\" content=\"https:\/\/blog.sandora.me\/index.php\/2026\/03\/11\/como-estruturar-politicas-de-saude-mental-no-trabalho\/\" \/>\n<meta property=\"og:site_name\" content=\"Blog da Sandy\" \/>\n<meta property=\"article:published_time\" content=\"2026-03-11T12:08:00+00:00\" \/>\n<meta property=\"article:modified_time\" content=\"2026-03-11T12:08:08+00:00\" \/>\n<meta property=\"og:image\" content=\"https:\/\/blog.sandora.me\/wp-content\/uploads\/2026\/02\/politica-saude-mental-trabalho-403.webp\" \/>\n\t<meta property=\"og:image:width\" content=\"1216\" \/>\n\t<meta property=\"og:image:height\" content=\"640\" \/>\n\t<meta property=\"og:image:type\" content=\"image\/webp\" \/>\n<meta name=\"author\" content=\"Sandy\" \/>\n<meta name=\"twitter:card\" content=\"summary_large_image\" \/>\n<meta name=\"twitter:label1\" content=\"Escrito por\" \/>\n\t<meta name=\"twitter:data1\" content=\"Sandy\" \/>\n\t<meta name=\"twitter:label2\" content=\"Est. tempo de leitura\" \/>\n\t<meta name=\"twitter:data2\" content=\"8 minutos\" \/>\n<script type=\"application\/ld+json\" class=\"yoast-schema-graph\">{\"@context\":\"https:\/\/schema.org\",\"@graph\":[{\"@type\":\"Article\",\"@id\":\"https:\/\/blog.sandora.me\/index.php\/2026\/03\/11\/como-estruturar-politicas-de-saude-mental-no-trabalho\/#article\",\"isPartOf\":{\"@id\":\"https:\/\/blog.sandora.me\/index.php\/2026\/03\/11\/como-estruturar-politicas-de-saude-mental-no-trabalho\/\"},\"author\":{\"name\":\"Sandy\",\"@id\":\"https:\/\/blog.sandora.me\/#\/schema\/person\/a52617c3dd46138c1225a0deca42078b\"},\"headline\":\"Como estruturar pol\u00edticas de sa\u00fade mental no ambiente de trabalho\",\"datePublished\":\"2026-03-11T12:08:00+00:00\",\"dateModified\":\"2026-03-11T12:08:08+00:00\",\"mainEntityOfPage\":{\"@id\":\"https:\/\/blog.sandora.me\/index.php\/2026\/03\/11\/como-estruturar-politicas-de-saude-mental-no-trabalho\/\"},\"wordCount\":1542,\"commentCount\":0,\"publisher\":{\"@id\":\"https:\/\/blog.sandora.me\/#organization\"},\"image\":{\"@id\":\"https:\/\/blog.sandora.me\/index.php\/2026\/03\/11\/como-estruturar-politicas-de-saude-mental-no-trabalho\/#primaryimage\"},\"thumbnailUrl\":\"https:\/\/blog.sandora.me\/wp-content\/uploads\/2026\/02\/politica-saude-mental-trabalho-403.webp\",\"articleSection\":[\"Clima Organizacional\"],\"inLanguage\":\"pt-BR\",\"potentialAction\":[{\"@type\":\"CommentAction\",\"name\":\"Comment\",\"target\":[\"https:\/\/blog.sandora.me\/index.php\/2026\/03\/11\/como-estruturar-politicas-de-saude-mental-no-trabalho\/#respond\"]}]},{\"@type\":\"WebPage\",\"@id\":\"https:\/\/blog.sandora.me\/index.php\/2026\/03\/11\/como-estruturar-politicas-de-saude-mental-no-trabalho\/\",\"url\":\"https:\/\/blog.sandora.me\/index.php\/2026\/03\/11\/como-estruturar-politicas-de-saude-mental-no-trabalho\/\",\"name\":\"Como estruturar pol\u00edticas de sa\u00fade mental no ambiente de trabalho - Blog da Sandy\",\"isPartOf\":{\"@id\":\"https:\/\/blog.sandora.me\/#website\"},\"primaryImageOfPage\":{\"@id\":\"https:\/\/blog.sandora.me\/index.php\/2026\/03\/11\/como-estruturar-politicas-de-saude-mental-no-trabalho\/#primaryimage\"},\"image\":{\"@id\":\"https:\/\/blog.sandora.me\/index.php\/2026\/03\/11\/como-estruturar-politicas-de-saude-mental-no-trabalho\/#primaryimage\"},\"thumbnailUrl\":\"https:\/\/blog.sandora.me\/wp-content\/uploads\/2026\/02\/politica-saude-mental-trabalho-403.webp\",\"datePublished\":\"2026-03-11T12:08:00+00:00\",\"dateModified\":\"2026-03-11T12:08:08+00:00\",\"breadcrumb\":{\"@id\":\"https:\/\/blog.sandora.me\/index.php\/2026\/03\/11\/como-estruturar-politicas-de-saude-mental-no-trabalho\/#breadcrumb\"},\"inLanguage\":\"pt-BR\",\"potentialAction\":[{\"@type\":\"ReadAction\",\"target\":[\"https:\/\/blog.sandora.me\/index.php\/2026\/03\/11\/como-estruturar-politicas-de-saude-mental-no-trabalho\/\"]}]},{\"@type\":\"ImageObject\",\"inLanguage\":\"pt-BR\",\"@id\":\"https:\/\/blog.sandora.me\/index.php\/2026\/03\/11\/como-estruturar-politicas-de-saude-mental-no-trabalho\/#primaryimage\",\"url\":\"https:\/\/blog.sandora.me\/wp-content\/uploads\/2026\/02\/politica-saude-mental-trabalho-403.webp\",\"contentUrl\":\"https:\/\/blog.sandora.me\/wp-content\/uploads\/2026\/02\/politica-saude-mental-trabalho-403.webp\",\"width\":1216,\"height\":640,\"caption\":\"Equipe diversa em reuni\u00e3o sobre pol\u00edticas de sa\u00fade mental no trabalho\"},{\"@type\":\"BreadcrumbList\",\"@id\":\"https:\/\/blog.sandora.me\/index.php\/2026\/03\/11\/como-estruturar-politicas-de-saude-mental-no-trabalho\/#breadcrumb\",\"itemListElement\":[{\"@type\":\"ListItem\",\"position\":1,\"name\":\"In\u00edcio\",\"item\":\"https:\/\/blog.sandora.me\/\"},{\"@type\":\"ListItem\",\"position\":2,\"name\":\"Como estruturar pol\u00edticas de sa\u00fade mental no ambiente de trabalho\"}]},{\"@type\":\"WebSite\",\"@id\":\"https:\/\/blog.sandora.me\/#website\",\"url\":\"https:\/\/blog.sandora.me\/\",\"name\":\"Blog da Sandy\",\"description\":\"Conectamos mulheres\",\"publisher\":{\"@id\":\"https:\/\/blog.sandora.me\/#organization\"},\"potentialAction\":[{\"@type\":\"SearchAction\",\"target\":{\"@type\":\"EntryPoint\",\"urlTemplate\":\"https:\/\/blog.sandora.me\/?s={search_term_string}\"},\"query-input\":{\"@type\":\"PropertyValueSpecification\",\"valueRequired\":true,\"valueName\":\"search_term_string\"}}],\"inLanguage\":\"pt-BR\"},{\"@type\":\"Organization\",\"@id\":\"https:\/\/blog.sandora.me\/#organization\",\"name\":\"Blog da Sandy\",\"url\":\"https:\/\/blog.sandora.me\/\",\"logo\":{\"@type\":\"ImageObject\",\"inLanguage\":\"pt-BR\",\"@id\":\"https:\/\/blog.sandora.me\/#\/schema\/logo\/image\/\",\"url\":\"https:\/\/blog.sandora.me\/wp-content\/uploads\/2023\/08\/cropped-logoWhite.png\",\"contentUrl\":\"https:\/\/blog.sandora.me\/wp-content\/uploads\/2023\/08\/cropped-logoWhite.png\",\"width\":634,\"height\":159,\"caption\":\"Blog da Sandy\"},\"image\":{\"@id\":\"https:\/\/blog.sandora.me\/#\/schema\/logo\/image\/\"}},{\"@type\":\"Person\",\"@id\":\"https:\/\/blog.sandora.me\/#\/schema\/person\/a52617c3dd46138c1225a0deca42078b\",\"name\":\"Sandy\",\"image\":{\"@type\":\"ImageObject\",\"inLanguage\":\"pt-BR\",\"@id\":\"https:\/\/blog.sandora.me\/#\/schema\/person\/image\/\",\"url\":\"https:\/\/secure.gravatar.com\/avatar\/19f6b0a937ada718a1b118e7cd3261495845d90171089048e116d0e2b7f4e10f?s=96&d=mm&r=g\",\"contentUrl\":\"https:\/\/secure.gravatar.com\/avatar\/19f6b0a937ada718a1b118e7cd3261495845d90171089048e116d0e2b7f4e10f?s=96&d=mm&r=g\",\"caption\":\"Sandy\"},\"url\":\"https:\/\/blog.sandora.me\/index.php\/author\/sandy\/\"}]}<\/script>\n<!-- \/ Yoast SEO plugin. -->","yoast_head_json":{"title":"Como estruturar pol\u00edticas de sa\u00fade mental no ambiente de trabalho - Blog da Sandy","robots":{"index":"index","follow":"follow","max-snippet":"max-snippet:-1","max-image-preview":"max-image-preview:large","max-video-preview":"max-video-preview:-1"},"canonical":"https:\/\/blog.sandora.me\/index.php\/2026\/03\/11\/como-estruturar-politicas-de-saude-mental-no-trabalho\/","og_locale":"pt_BR","og_type":"article","og_title":"Como estruturar pol\u00edticas de sa\u00fade mental no ambiente de trabalho - Blog da Sandy","og_description":"Saiba como implementar pol\u00edticas de sa\u00fade mental alinhadas \u00e0 Lei 14.457\/22 e NR-1 para proteger sua equipe eficazmente.","og_url":"https:\/\/blog.sandora.me\/index.php\/2026\/03\/11\/como-estruturar-politicas-de-saude-mental-no-trabalho\/","og_site_name":"Blog da Sandy","article_published_time":"2026-03-11T12:08:00+00:00","article_modified_time":"2026-03-11T12:08:08+00:00","og_image":[{"width":1216,"height":640,"url":"https:\/\/blog.sandora.me\/wp-content\/uploads\/2026\/02\/politica-saude-mental-trabalho-403.webp","type":"image\/webp"}],"author":"Sandy","twitter_card":"summary_large_image","twitter_misc":{"Escrito por":"Sandy","Est. tempo de leitura":"8 minutos"},"schema":{"@context":"https:\/\/schema.org","@graph":[{"@type":"Article","@id":"https:\/\/blog.sandora.me\/index.php\/2026\/03\/11\/como-estruturar-politicas-de-saude-mental-no-trabalho\/#article","isPartOf":{"@id":"https:\/\/blog.sandora.me\/index.php\/2026\/03\/11\/como-estruturar-politicas-de-saude-mental-no-trabalho\/"},"author":{"name":"Sandy","@id":"https:\/\/blog.sandora.me\/#\/schema\/person\/a52617c3dd46138c1225a0deca42078b"},"headline":"Como estruturar pol\u00edticas de sa\u00fade mental no ambiente de trabalho","datePublished":"2026-03-11T12:08:00+00:00","dateModified":"2026-03-11T12:08:08+00:00","mainEntityOfPage":{"@id":"https:\/\/blog.sandora.me\/index.php\/2026\/03\/11\/como-estruturar-politicas-de-saude-mental-no-trabalho\/"},"wordCount":1542,"commentCount":0,"publisher":{"@id":"https:\/\/blog.sandora.me\/#organization"},"image":{"@id":"https:\/\/blog.sandora.me\/index.php\/2026\/03\/11\/como-estruturar-politicas-de-saude-mental-no-trabalho\/#primaryimage"},"thumbnailUrl":"https:\/\/blog.sandora.me\/wp-content\/uploads\/2026\/02\/politica-saude-mental-trabalho-403.webp","articleSection":["Clima Organizacional"],"inLanguage":"pt-BR","potentialAction":[{"@type":"CommentAction","name":"Comment","target":["https:\/\/blog.sandora.me\/index.php\/2026\/03\/11\/como-estruturar-politicas-de-saude-mental-no-trabalho\/#respond"]}]},{"@type":"WebPage","@id":"https:\/\/blog.sandora.me\/index.php\/2026\/03\/11\/como-estruturar-politicas-de-saude-mental-no-trabalho\/","url":"https:\/\/blog.sandora.me\/index.php\/2026\/03\/11\/como-estruturar-politicas-de-saude-mental-no-trabalho\/","name":"Como estruturar pol\u00edticas de sa\u00fade mental no ambiente de trabalho - Blog da Sandy","isPartOf":{"@id":"https:\/\/blog.sandora.me\/#website"},"primaryImageOfPage":{"@id":"https:\/\/blog.sandora.me\/index.php\/2026\/03\/11\/como-estruturar-politicas-de-saude-mental-no-trabalho\/#primaryimage"},"image":{"@id":"https:\/\/blog.sandora.me\/index.php\/2026\/03\/11\/como-estruturar-politicas-de-saude-mental-no-trabalho\/#primaryimage"},"thumbnailUrl":"https:\/\/blog.sandora.me\/wp-content\/uploads\/2026\/02\/politica-saude-mental-trabalho-403.webp","datePublished":"2026-03-11T12:08:00+00:00","dateModified":"2026-03-11T12:08:08+00:00","breadcrumb":{"@id":"https:\/\/blog.sandora.me\/index.php\/2026\/03\/11\/como-estruturar-politicas-de-saude-mental-no-trabalho\/#breadcrumb"},"inLanguage":"pt-BR","potentialAction":[{"@type":"ReadAction","target":["https:\/\/blog.sandora.me\/index.php\/2026\/03\/11\/como-estruturar-politicas-de-saude-mental-no-trabalho\/"]}]},{"@type":"ImageObject","inLanguage":"pt-BR","@id":"https:\/\/blog.sandora.me\/index.php\/2026\/03\/11\/como-estruturar-politicas-de-saude-mental-no-trabalho\/#primaryimage","url":"https:\/\/blog.sandora.me\/wp-content\/uploads\/2026\/02\/politica-saude-mental-trabalho-403.webp","contentUrl":"https:\/\/blog.sandora.me\/wp-content\/uploads\/2026\/02\/politica-saude-mental-trabalho-403.webp","width":1216,"height":640,"caption":"Equipe diversa em reuni\u00e3o sobre pol\u00edticas de sa\u00fade mental no trabalho"},{"@type":"BreadcrumbList","@id":"https:\/\/blog.sandora.me\/index.php\/2026\/03\/11\/como-estruturar-politicas-de-saude-mental-no-trabalho\/#breadcrumb","itemListElement":[{"@type":"ListItem","position":1,"name":"In\u00edcio","item":"https:\/\/blog.sandora.me\/"},{"@type":"ListItem","position":2,"name":"Como estruturar pol\u00edticas de sa\u00fade mental no ambiente de trabalho"}]},{"@type":"WebSite","@id":"https:\/\/blog.sandora.me\/#website","url":"https:\/\/blog.sandora.me\/","name":"Blog da Sandy","description":"Conectamos mulheres","publisher":{"@id":"https:\/\/blog.sandora.me\/#organization"},"potentialAction":[{"@type":"SearchAction","target":{"@type":"EntryPoint","urlTemplate":"https:\/\/blog.sandora.me\/?s={search_term_string}"},"query-input":{"@type":"PropertyValueSpecification","valueRequired":true,"valueName":"search_term_string"}}],"inLanguage":"pt-BR"},{"@type":"Organization","@id":"https:\/\/blog.sandora.me\/#organization","name":"Blog da Sandy","url":"https:\/\/blog.sandora.me\/","logo":{"@type":"ImageObject","inLanguage":"pt-BR","@id":"https:\/\/blog.sandora.me\/#\/schema\/logo\/image\/","url":"https:\/\/blog.sandora.me\/wp-content\/uploads\/2023\/08\/cropped-logoWhite.png","contentUrl":"https:\/\/blog.sandora.me\/wp-content\/uploads\/2023\/08\/cropped-logoWhite.png","width":634,"height":159,"caption":"Blog da Sandy"},"image":{"@id":"https:\/\/blog.sandora.me\/#\/schema\/logo\/image\/"}},{"@type":"Person","@id":"https:\/\/blog.sandora.me\/#\/schema\/person\/a52617c3dd46138c1225a0deca42078b","name":"Sandy","image":{"@type":"ImageObject","inLanguage":"pt-BR","@id":"https:\/\/blog.sandora.me\/#\/schema\/person\/image\/","url":"https:\/\/secure.gravatar.com\/avatar\/19f6b0a937ada718a1b118e7cd3261495845d90171089048e116d0e2b7f4e10f?s=96&d=mm&r=g","contentUrl":"https:\/\/secure.gravatar.com\/avatar\/19f6b0a937ada718a1b118e7cd3261495845d90171089048e116d0e2b7f4e10f?s=96&d=mm&r=g","caption":"Sandy"},"url":"https:\/\/blog.sandora.me\/index.php\/author\/sandy\/"}]}},"_links":{"self":[{"href":"https:\/\/blog.sandora.me\/index.php\/wp-json\/wp\/v2\/posts\/208973","targetHints":{"allow":["GET"]}}],"collection":[{"href":"https:\/\/blog.sandora.me\/index.php\/wp-json\/wp\/v2\/posts"}],"about":[{"href":"https:\/\/blog.sandora.me\/index.php\/wp-json\/wp\/v2\/types\/post"}],"author":[{"embeddable":true,"href":"https:\/\/blog.sandora.me\/index.php\/wp-json\/wp\/v2\/users\/2"}],"replies":[{"embeddable":true,"href":"https:\/\/blog.sandora.me\/index.php\/wp-json\/wp\/v2\/comments?post=208973"}],"version-history":[{"count":0,"href":"https:\/\/blog.sandora.me\/index.php\/wp-json\/wp\/v2\/posts\/208973\/revisions"}],"wp:featuredmedia":[{"embeddable":true,"href":"https:\/\/blog.sandora.me\/index.php\/wp-json\/wp\/v2\/media\/208974"}],"wp:attachment":[{"href":"https:\/\/blog.sandora.me\/index.php\/wp-json\/wp\/v2\/media?parent=208973"}],"wp:term":[{"taxonomy":"category","embeddable":true,"href":"https:\/\/blog.sandora.me\/index.php\/wp-json\/wp\/v2\/categories?post=208973"},{"taxonomy":"post_tag","embeddable":true,"href":"https:\/\/blog.sandora.me\/index.php\/wp-json\/wp\/v2\/tags?post=208973"}],"curies":[{"name":"wp","href":"https:\/\/api.w.org\/{rel}","templated":true}]}}