{"id":208880,"date":"2025-10-16T09:44:46","date_gmt":"2025-10-16T12:44:46","guid":{"rendered":"https:\/\/blog.sandora.me\/?p=208880"},"modified":"2025-10-02T09:54:13","modified_gmt":"2025-10-02T12:54:13","slug":"relacao-nr-17-nr-01","status":"publish","type":"post","link":"https:\/\/blog.sandora.me\/index.php\/2025\/10\/16\/relacao-nr-17-nr-01\/","title":{"rendered":"NR-17 x NR-01: qual \u00e9 a rela\u00e7\u00e3o com a sa\u00fade mental?"},"content":{"rendered":"\n<p>Voc\u00ea sabia que a sa\u00fade mental dos trabalhadores est\u00e1 diretamente relacionada ao cumprimento das Normas Regulamentadoras NR-01 e NR-17?<\/p>\n\n\n\n<p>Nos \u00faltimos anos, a legisla\u00e7\u00e3o brasileira evoluiu para reconhecer que os <strong>riscos psicossociais<\/strong> tamb\u00e9m s\u00e3o fatores cr\u00edticos na preven\u00e7\u00e3o de acidentes e doen\u00e7as ocupacionais. E \u00e9 nesse ponto que as duas normas se conectam e ganham protagonismo no mundo do trabalho.<br><br><a href=\"https:\/\/blog.sandora.me\/index.php\/2025\/09\/18\/empresas-medir-riscos-psicossociais\/\">Quais empresas precisam medir riscos psicossociais?<\/a><\/p>\n\n\n\n<h2 class=\"wp-block-heading\">O que diz a NR-17?<\/h2>\n\n\n\n<p>A <strong>NR-17<\/strong> trata da <strong>Ergonomia<\/strong> no ambiente de trabalho. Seu objetivo principal \u00e9 <strong>adaptar as condi\u00e7\u00f5es laborais \u00e0s caracter\u00edsticas psicofisiol\u00f3gicas dos trabalhadores<\/strong>, promovendo conforto, seguran\u00e7a e desempenho eficiente.<\/p>\n\n\n\n<p>Isso inclui:<\/p>\n\n\n\n<ul class=\"wp-block-list\">\n<li>Organiza\u00e7\u00e3o do trabalho<\/li>\n\n\n\n<li>Ritmo de atividades<\/li>\n\n\n\n<li>Exig\u00eancias cognitivas<\/li>\n\n\n\n<li>Condi\u00e7\u00f5es ambientais (ilumina\u00e7\u00e3o, ru\u00eddo, postura, etc.)<\/li>\n<\/ul>\n\n\n\n<p>Mas a NR-17 tamb\u00e9m toca um ponto crucial: os <strong>fatores emocionais e mentais<\/strong>. Ela reconhece que exig\u00eancias psicol\u00f3gicas excessivas, ritmo acelerado ou rela\u00e7\u00f5es interpessoais t\u00f3xicas comprometem a sa\u00fade.<\/p>\n\n\n\n<h2 class=\"wp-block-heading\">O que diz a NR-01?<\/h2>\n\n\n\n<p>A <strong>NR-01<\/strong> \u00e9 a norma que estabelece as <strong>disposi\u00e7\u00f5es gerais<\/strong> de sa\u00fade e seguran\u00e7a no trabalho. Desde sua atualiza\u00e7\u00e3o, passou a exigir que <strong>todos os riscos \u2014 inclusive psicossociais \u2014 estejam mapeados e documentados no PGR (Programa de Gerenciamento de Riscos).<\/strong><\/p>\n\n\n\n<p>Ou seja: <strong>o que a NR-17 observa na pr\u00e1tica, a NR-01 exige na documenta\u00e7\u00e3o.<\/strong><\/p>\n\n\n\n<h2 class=\"wp-block-heading\">A Conex\u00e3o entre NR-17 e NR-01<\/h2>\n\n\n\n<p>A rela\u00e7\u00e3o entre essas duas normas \u00e9 complementar. Enquanto a NR-17 mostra <strong>como<\/strong> os fatores de risco surgem no dia a dia, a NR-01 determina <strong>que<\/strong> eles devem ser mapeados, avaliados e tratados formalmente.<\/p>\n\n\n\n<p>Em outras palavras:<\/p>\n\n\n\n<ul class=\"wp-block-list\">\n<li><strong>A NR-17 identifica e descreve riscos psicossociais no ambiente de trabalho.<\/strong><\/li>\n\n\n\n<li><strong>A NR-01 obriga a gest\u00e3o desses riscos no PGR.<\/strong><\/li>\n<\/ul>\n\n\n\n<p>Essa conex\u00e3o fortalece o papel das empresas na <strong>promo\u00e7\u00e3o de ambientes saud\u00e1veis<\/strong>, indo al\u00e9m da ergonomia f\u00edsica para considerar tamb\u00e9m a <strong>ergonomia organizacional e cognitiva<\/strong>.<\/p>\n\n\n\n<h2 class=\"wp-block-heading\">Como a sua empresa pode se adequar?<\/h2>\n\n\n\n<ol class=\"wp-block-list\">\n<li><strong>Mapeie riscos psicossociais com ferramentas validadas.<\/strong><\/li>\n\n\n\n<li><strong>Inclua esses riscos no seu PGR, conforme exige a NR-01.<\/strong><\/li>\n\n\n\n<li><strong>Implemente medidas preventivas, com apoio de ergonomistas e profissionais de SST.<\/strong><\/li>\n\n\n\n<li><strong>Invista em a\u00e7\u00f5es de clima organizacional e sa\u00fade mental.<\/strong><\/li>\n<\/ol>\n\n\n\n<p>Na Sandora, oferecemos diagn\u00f3sticos digitais, relat\u00f3rios prontos para NR-01, e apoio cont\u00ednuo para empresas que querem estar em conformidade e cuidar das pessoas.<\/p>\n\n\n\n<p>Fale com nosso time: <a href=\"http:\/\/www.sandora.me\/\">www.sandora.me<\/a><br><a href=\"mailto:contato@sandora.me\">contato@sandora.me<\/a><\/p>\n","protected":false},"excerpt":{"rendered":"<p>Voc\u00ea sabia que a sa\u00fade mental dos trabalhadores est\u00e1 diretamente relacionada ao cumprimento das Normas Regulamentadoras NR-01 e NR-17? Nos \u00faltimos anos, a legisla\u00e7\u00e3o brasileira evoluiu para reconhecer que os riscos psicossociais tamb\u00e9m s\u00e3o fatores cr\u00edticos na preven\u00e7\u00e3o de acidentes e doen\u00e7as ocupacionais. E \u00e9 nesse ponto que as duas normas se conectam e ganham&#8230;<\/p>\n","protected":false},"author":2,"featured_media":208881,"comment_status":"open","ping_status":"open","sticky":false,"template":"","format":"standard","meta":{"_kad_post_transparent":"","_kad_post_title":"","_kad_post_layout":"","_kad_post_sidebar_id":"","_kad_post_content_style":"","_kad_post_vertical_padding":"","_kad_post_feature":"","_kad_post_feature_position":"","_kad_post_header":false,"_kad_post_footer":false,"footnotes":""},"categories":[1],"tags":[302,161,168,300,184,301,165,68,158],"class_list":["post-208880","post","type-post","status-publish","format-standard","has-post-thumbnail","hentry","category-blog","tag-ergonomia","tag-legislacao-trabalhista","tag-nr-01","tag-nr-17","tag-pgr","tag-relacao-nr-17-nr-01","tag-riscos-psicossociais","tag-saude-mental-no-trabalho","tag-seguranca-do-trabalho"],"yoast_head":"<!-- This site is optimized with the Yoast SEO plugin v26.7 - https:\/\/yoast.com\/wordpress\/plugins\/seo\/ -->\n<title>NR-17 x NR-01: qual \u00e9 a rela\u00e7\u00e3o com a sa\u00fade mental? - Blog da Sandy<\/title>\n<meta name=\"description\" content=\"Voc\u00ea sabia que a sa\u00fade mental dos trabalhadores tem rela\u00e7\u00e3o direta entre as NR-01 e nr-17? Descubra neste artigo o que as novas normas trazem.\" \/>\n<meta name=\"robots\" content=\"index, follow, max-snippet:-1, max-image-preview:large, max-video-preview:-1\" \/>\n<link rel=\"canonical\" href=\"https:\/\/blog.sandora.me\/index.php\/2025\/10\/16\/relacao-nr-17-nr-01\/\" \/>\n<meta property=\"og:locale\" content=\"pt_BR\" \/>\n<meta property=\"og:type\" content=\"article\" \/>\n<meta property=\"og:title\" content=\"NR-17 x NR-01: qual \u00e9 a rela\u00e7\u00e3o com a sa\u00fade mental? - Blog da Sandy\" \/>\n<meta property=\"og:description\" content=\"Voc\u00ea sabia que a sa\u00fade mental dos trabalhadores tem rela\u00e7\u00e3o direta entre as NR-01 e nr-17? Descubra neste artigo o que as novas normas trazem.\" \/>\n<meta property=\"og:url\" content=\"https:\/\/blog.sandora.me\/index.php\/2025\/10\/16\/relacao-nr-17-nr-01\/\" \/>\n<meta property=\"og:site_name\" content=\"Blog da Sandy\" \/>\n<meta property=\"article:published_time\" content=\"2025-10-16T12:44:46+00:00\" \/>\n<meta property=\"og:image\" content=\"https:\/\/blog.sandora.me\/wp-content\/uploads\/2025\/10\/ChatGPT-Image-2-de-out.-de-2025-09_53_18.png\" \/>\n\t<meta property=\"og:image:width\" content=\"1536\" \/>\n\t<meta property=\"og:image:height\" content=\"1024\" \/>\n\t<meta property=\"og:image:type\" content=\"image\/png\" \/>\n<meta name=\"author\" content=\"Sandy\" \/>\n<meta name=\"twitter:card\" content=\"summary_large_image\" \/>\n<meta name=\"twitter:label1\" content=\"Escrito por\" \/>\n\t<meta name=\"twitter:data1\" content=\"Sandy\" \/>\n\t<meta name=\"twitter:label2\" content=\"Est. tempo de leitura\" \/>\n\t<meta name=\"twitter:data2\" content=\"2 minutos\" \/>\n<script type=\"application\/ld+json\" class=\"yoast-schema-graph\">{\"@context\":\"https:\/\/schema.org\",\"@graph\":[{\"@type\":\"Article\",\"@id\":\"https:\/\/blog.sandora.me\/index.php\/2025\/10\/16\/relacao-nr-17-nr-01\/#article\",\"isPartOf\":{\"@id\":\"https:\/\/blog.sandora.me\/index.php\/2025\/10\/16\/relacao-nr-17-nr-01\/\"},\"author\":{\"name\":\"Sandy\",\"@id\":\"https:\/\/blog.sandora.me\/#\/schema\/person\/a52617c3dd46138c1225a0deca42078b\"},\"headline\":\"NR-17 x NR-01: qual \u00e9 a rela\u00e7\u00e3o com a sa\u00fade mental?\",\"datePublished\":\"2025-10-16T12:44:46+00:00\",\"mainEntityOfPage\":{\"@id\":\"https:\/\/blog.sandora.me\/index.php\/2025\/10\/16\/relacao-nr-17-nr-01\/\"},\"wordCount\":415,\"commentCount\":0,\"publisher\":{\"@id\":\"https:\/\/blog.sandora.me\/#organization\"},\"image\":{\"@id\":\"https:\/\/blog.sandora.me\/index.php\/2025\/10\/16\/relacao-nr-17-nr-01\/#primaryimage\"},\"thumbnailUrl\":\"https:\/\/blog.sandora.me\/wp-content\/uploads\/2025\/10\/ChatGPT-Image-2-de-out.-de-2025-09_53_18.png\",\"keywords\":[\"ergonomia\",\"legisla\u00e7\u00e3o trabalhista\",\"NR-01\",\"NR-17\",\"PGR\",\"rela\u00e7\u00e3o nr-17 nr-01\",\"riscos psicossociais\",\"Sa\u00fade mental no trabalho\",\"seguran\u00e7a do trabalho\"],\"articleSection\":[\"Blog\"],\"inLanguage\":\"pt-BR\",\"potentialAction\":[{\"@type\":\"CommentAction\",\"name\":\"Comment\",\"target\":[\"https:\/\/blog.sandora.me\/index.php\/2025\/10\/16\/relacao-nr-17-nr-01\/#respond\"]}]},{\"@type\":\"WebPage\",\"@id\":\"https:\/\/blog.sandora.me\/index.php\/2025\/10\/16\/relacao-nr-17-nr-01\/\",\"url\":\"https:\/\/blog.sandora.me\/index.php\/2025\/10\/16\/relacao-nr-17-nr-01\/\",\"name\":\"NR-17 x NR-01: qual \u00e9 a rela\u00e7\u00e3o com a sa\u00fade mental? - Blog da Sandy\",\"isPartOf\":{\"@id\":\"https:\/\/blog.sandora.me\/#website\"},\"primaryImageOfPage\":{\"@id\":\"https:\/\/blog.sandora.me\/index.php\/2025\/10\/16\/relacao-nr-17-nr-01\/#primaryimage\"},\"image\":{\"@id\":\"https:\/\/blog.sandora.me\/index.php\/2025\/10\/16\/relacao-nr-17-nr-01\/#primaryimage\"},\"thumbnailUrl\":\"https:\/\/blog.sandora.me\/wp-content\/uploads\/2025\/10\/ChatGPT-Image-2-de-out.-de-2025-09_53_18.png\",\"datePublished\":\"2025-10-16T12:44:46+00:00\",\"description\":\"Voc\u00ea sabia que a sa\u00fade mental dos trabalhadores tem rela\u00e7\u00e3o direta entre as NR-01 e nr-17? Descubra neste artigo o que as novas normas trazem.\",\"breadcrumb\":{\"@id\":\"https:\/\/blog.sandora.me\/index.php\/2025\/10\/16\/relacao-nr-17-nr-01\/#breadcrumb\"},\"inLanguage\":\"pt-BR\",\"potentialAction\":[{\"@type\":\"ReadAction\",\"target\":[\"https:\/\/blog.sandora.me\/index.php\/2025\/10\/16\/relacao-nr-17-nr-01\/\"]}]},{\"@type\":\"ImageObject\",\"inLanguage\":\"pt-BR\",\"@id\":\"https:\/\/blog.sandora.me\/index.php\/2025\/10\/16\/relacao-nr-17-nr-01\/#primaryimage\",\"url\":\"https:\/\/blog.sandora.me\/wp-content\/uploads\/2025\/10\/ChatGPT-Image-2-de-out.-de-2025-09_53_18.png\",\"contentUrl\":\"https:\/\/blog.sandora.me\/wp-content\/uploads\/2025\/10\/ChatGPT-Image-2-de-out.-de-2025-09_53_18.png\",\"width\":1536,\"height\":1024,\"caption\":\"rela\u00e7\u00e3o nr-17 nr-01\"},{\"@type\":\"BreadcrumbList\",\"@id\":\"https:\/\/blog.sandora.me\/index.php\/2025\/10\/16\/relacao-nr-17-nr-01\/#breadcrumb\",\"itemListElement\":[{\"@type\":\"ListItem\",\"position\":1,\"name\":\"In\u00edcio\",\"item\":\"https:\/\/blog.sandora.me\/\"},{\"@type\":\"ListItem\",\"position\":2,\"name\":\"NR-17 x NR-01: qual \u00e9 a rela\u00e7\u00e3o com a sa\u00fade mental?\"}]},{\"@type\":\"WebSite\",\"@id\":\"https:\/\/blog.sandora.me\/#website\",\"url\":\"https:\/\/blog.sandora.me\/\",\"name\":\"Blog da Sandy\",\"description\":\"Conectamos mulheres\",\"publisher\":{\"@id\":\"https:\/\/blog.sandora.me\/#organization\"},\"potentialAction\":[{\"@type\":\"SearchAction\",\"target\":{\"@type\":\"EntryPoint\",\"urlTemplate\":\"https:\/\/blog.sandora.me\/?s={search_term_string}\"},\"query-input\":{\"@type\":\"PropertyValueSpecification\",\"valueRequired\":true,\"valueName\":\"search_term_string\"}}],\"inLanguage\":\"pt-BR\"},{\"@type\":\"Organization\",\"@id\":\"https:\/\/blog.sandora.me\/#organization\",\"name\":\"Blog da Sandy\",\"url\":\"https:\/\/blog.sandora.me\/\",\"logo\":{\"@type\":\"ImageObject\",\"inLanguage\":\"pt-BR\",\"@id\":\"https:\/\/blog.sandora.me\/#\/schema\/logo\/image\/\",\"url\":\"https:\/\/blog.sandora.me\/wp-content\/uploads\/2023\/08\/cropped-logoWhite.png\",\"contentUrl\":\"https:\/\/blog.sandora.me\/wp-content\/uploads\/2023\/08\/cropped-logoWhite.png\",\"width\":634,\"height\":159,\"caption\":\"Blog da Sandy\"},\"image\":{\"@id\":\"https:\/\/blog.sandora.me\/#\/schema\/logo\/image\/\"}},{\"@type\":\"Person\",\"@id\":\"https:\/\/blog.sandora.me\/#\/schema\/person\/a52617c3dd46138c1225a0deca42078b\",\"name\":\"Sandy\",\"image\":{\"@type\":\"ImageObject\",\"inLanguage\":\"pt-BR\",\"@id\":\"https:\/\/blog.sandora.me\/#\/schema\/person\/image\/\",\"url\":\"https:\/\/secure.gravatar.com\/avatar\/19f6b0a937ada718a1b118e7cd3261495845d90171089048e116d0e2b7f4e10f?s=96&d=mm&r=g\",\"contentUrl\":\"https:\/\/secure.gravatar.com\/avatar\/19f6b0a937ada718a1b118e7cd3261495845d90171089048e116d0e2b7f4e10f?s=96&d=mm&r=g\",\"caption\":\"Sandy\"},\"url\":\"https:\/\/blog.sandora.me\/index.php\/author\/sandy\/\"}]}<\/script>\n<!-- \/ Yoast SEO plugin. -->","yoast_head_json":{"title":"NR-17 x NR-01: qual \u00e9 a rela\u00e7\u00e3o com a sa\u00fade mental? - Blog da Sandy","description":"Voc\u00ea sabia que a sa\u00fade mental dos trabalhadores tem rela\u00e7\u00e3o direta entre as NR-01 e nr-17? Descubra neste artigo o que as novas normas trazem.","robots":{"index":"index","follow":"follow","max-snippet":"max-snippet:-1","max-image-preview":"max-image-preview:large","max-video-preview":"max-video-preview:-1"},"canonical":"https:\/\/blog.sandora.me\/index.php\/2025\/10\/16\/relacao-nr-17-nr-01\/","og_locale":"pt_BR","og_type":"article","og_title":"NR-17 x NR-01: qual \u00e9 a rela\u00e7\u00e3o com a sa\u00fade mental? - Blog da Sandy","og_description":"Voc\u00ea sabia que a sa\u00fade mental dos trabalhadores tem rela\u00e7\u00e3o direta entre as NR-01 e nr-17? Descubra neste artigo o que as novas normas trazem.","og_url":"https:\/\/blog.sandora.me\/index.php\/2025\/10\/16\/relacao-nr-17-nr-01\/","og_site_name":"Blog da Sandy","article_published_time":"2025-10-16T12:44:46+00:00","og_image":[{"width":1536,"height":1024,"url":"https:\/\/blog.sandora.me\/wp-content\/uploads\/2025\/10\/ChatGPT-Image-2-de-out.-de-2025-09_53_18.png","type":"image\/png"}],"author":"Sandy","twitter_card":"summary_large_image","twitter_misc":{"Escrito por":"Sandy","Est. tempo de leitura":"2 minutos"},"schema":{"@context":"https:\/\/schema.org","@graph":[{"@type":"Article","@id":"https:\/\/blog.sandora.me\/index.php\/2025\/10\/16\/relacao-nr-17-nr-01\/#article","isPartOf":{"@id":"https:\/\/blog.sandora.me\/index.php\/2025\/10\/16\/relacao-nr-17-nr-01\/"},"author":{"name":"Sandy","@id":"https:\/\/blog.sandora.me\/#\/schema\/person\/a52617c3dd46138c1225a0deca42078b"},"headline":"NR-17 x NR-01: qual \u00e9 a rela\u00e7\u00e3o com a sa\u00fade mental?","datePublished":"2025-10-16T12:44:46+00:00","mainEntityOfPage":{"@id":"https:\/\/blog.sandora.me\/index.php\/2025\/10\/16\/relacao-nr-17-nr-01\/"},"wordCount":415,"commentCount":0,"publisher":{"@id":"https:\/\/blog.sandora.me\/#organization"},"image":{"@id":"https:\/\/blog.sandora.me\/index.php\/2025\/10\/16\/relacao-nr-17-nr-01\/#primaryimage"},"thumbnailUrl":"https:\/\/blog.sandora.me\/wp-content\/uploads\/2025\/10\/ChatGPT-Image-2-de-out.-de-2025-09_53_18.png","keywords":["ergonomia","legisla\u00e7\u00e3o trabalhista","NR-01","NR-17","PGR","rela\u00e7\u00e3o nr-17 nr-01","riscos psicossociais","Sa\u00fade mental no trabalho","seguran\u00e7a do trabalho"],"articleSection":["Blog"],"inLanguage":"pt-BR","potentialAction":[{"@type":"CommentAction","name":"Comment","target":["https:\/\/blog.sandora.me\/index.php\/2025\/10\/16\/relacao-nr-17-nr-01\/#respond"]}]},{"@type":"WebPage","@id":"https:\/\/blog.sandora.me\/index.php\/2025\/10\/16\/relacao-nr-17-nr-01\/","url":"https:\/\/blog.sandora.me\/index.php\/2025\/10\/16\/relacao-nr-17-nr-01\/","name":"NR-17 x NR-01: qual \u00e9 a rela\u00e7\u00e3o com a sa\u00fade mental? - Blog da Sandy","isPartOf":{"@id":"https:\/\/blog.sandora.me\/#website"},"primaryImageOfPage":{"@id":"https:\/\/blog.sandora.me\/index.php\/2025\/10\/16\/relacao-nr-17-nr-01\/#primaryimage"},"image":{"@id":"https:\/\/blog.sandora.me\/index.php\/2025\/10\/16\/relacao-nr-17-nr-01\/#primaryimage"},"thumbnailUrl":"https:\/\/blog.sandora.me\/wp-content\/uploads\/2025\/10\/ChatGPT-Image-2-de-out.-de-2025-09_53_18.png","datePublished":"2025-10-16T12:44:46+00:00","description":"Voc\u00ea sabia que a sa\u00fade mental dos trabalhadores tem rela\u00e7\u00e3o direta entre as NR-01 e nr-17? Descubra neste artigo o que as novas normas trazem.","breadcrumb":{"@id":"https:\/\/blog.sandora.me\/index.php\/2025\/10\/16\/relacao-nr-17-nr-01\/#breadcrumb"},"inLanguage":"pt-BR","potentialAction":[{"@type":"ReadAction","target":["https:\/\/blog.sandora.me\/index.php\/2025\/10\/16\/relacao-nr-17-nr-01\/"]}]},{"@type":"ImageObject","inLanguage":"pt-BR","@id":"https:\/\/blog.sandora.me\/index.php\/2025\/10\/16\/relacao-nr-17-nr-01\/#primaryimage","url":"https:\/\/blog.sandora.me\/wp-content\/uploads\/2025\/10\/ChatGPT-Image-2-de-out.-de-2025-09_53_18.png","contentUrl":"https:\/\/blog.sandora.me\/wp-content\/uploads\/2025\/10\/ChatGPT-Image-2-de-out.-de-2025-09_53_18.png","width":1536,"height":1024,"caption":"rela\u00e7\u00e3o nr-17 nr-01"},{"@type":"BreadcrumbList","@id":"https:\/\/blog.sandora.me\/index.php\/2025\/10\/16\/relacao-nr-17-nr-01\/#breadcrumb","itemListElement":[{"@type":"ListItem","position":1,"name":"In\u00edcio","item":"https:\/\/blog.sandora.me\/"},{"@type":"ListItem","position":2,"name":"NR-17 x NR-01: qual \u00e9 a rela\u00e7\u00e3o com a sa\u00fade mental?"}]},{"@type":"WebSite","@id":"https:\/\/blog.sandora.me\/#website","url":"https:\/\/blog.sandora.me\/","name":"Blog da Sandy","description":"Conectamos mulheres","publisher":{"@id":"https:\/\/blog.sandora.me\/#organization"},"potentialAction":[{"@type":"SearchAction","target":{"@type":"EntryPoint","urlTemplate":"https:\/\/blog.sandora.me\/?s={search_term_string}"},"query-input":{"@type":"PropertyValueSpecification","valueRequired":true,"valueName":"search_term_string"}}],"inLanguage":"pt-BR"},{"@type":"Organization","@id":"https:\/\/blog.sandora.me\/#organization","name":"Blog da Sandy","url":"https:\/\/blog.sandora.me\/","logo":{"@type":"ImageObject","inLanguage":"pt-BR","@id":"https:\/\/blog.sandora.me\/#\/schema\/logo\/image\/","url":"https:\/\/blog.sandora.me\/wp-content\/uploads\/2023\/08\/cropped-logoWhite.png","contentUrl":"https:\/\/blog.sandora.me\/wp-content\/uploads\/2023\/08\/cropped-logoWhite.png","width":634,"height":159,"caption":"Blog da Sandy"},"image":{"@id":"https:\/\/blog.sandora.me\/#\/schema\/logo\/image\/"}},{"@type":"Person","@id":"https:\/\/blog.sandora.me\/#\/schema\/person\/a52617c3dd46138c1225a0deca42078b","name":"Sandy","image":{"@type":"ImageObject","inLanguage":"pt-BR","@id":"https:\/\/blog.sandora.me\/#\/schema\/person\/image\/","url":"https:\/\/secure.gravatar.com\/avatar\/19f6b0a937ada718a1b118e7cd3261495845d90171089048e116d0e2b7f4e10f?s=96&d=mm&r=g","contentUrl":"https:\/\/secure.gravatar.com\/avatar\/19f6b0a937ada718a1b118e7cd3261495845d90171089048e116d0e2b7f4e10f?s=96&d=mm&r=g","caption":"Sandy"},"url":"https:\/\/blog.sandora.me\/index.php\/author\/sandy\/"}]}},"_links":{"self":[{"href":"https:\/\/blog.sandora.me\/index.php\/wp-json\/wp\/v2\/posts\/208880","targetHints":{"allow":["GET"]}}],"collection":[{"href":"https:\/\/blog.sandora.me\/index.php\/wp-json\/wp\/v2\/posts"}],"about":[{"href":"https:\/\/blog.sandora.me\/index.php\/wp-json\/wp\/v2\/types\/post"}],"author":[{"embeddable":true,"href":"https:\/\/blog.sandora.me\/index.php\/wp-json\/wp\/v2\/users\/2"}],"replies":[{"embeddable":true,"href":"https:\/\/blog.sandora.me\/index.php\/wp-json\/wp\/v2\/comments?post=208880"}],"version-history":[{"count":1,"href":"https:\/\/blog.sandora.me\/index.php\/wp-json\/wp\/v2\/posts\/208880\/revisions"}],"predecessor-version":[{"id":208882,"href":"https:\/\/blog.sandora.me\/index.php\/wp-json\/wp\/v2\/posts\/208880\/revisions\/208882"}],"wp:featuredmedia":[{"embeddable":true,"href":"https:\/\/blog.sandora.me\/index.php\/wp-json\/wp\/v2\/media\/208881"}],"wp:attachment":[{"href":"https:\/\/blog.sandora.me\/index.php\/wp-json\/wp\/v2\/media?parent=208880"}],"wp:term":[{"taxonomy":"category","embeddable":true,"href":"https:\/\/blog.sandora.me\/index.php\/wp-json\/wp\/v2\/categories?post=208880"},{"taxonomy":"post_tag","embeddable":true,"href":"https:\/\/blog.sandora.me\/index.php\/wp-json\/wp\/v2\/tags?post=208880"}],"curies":[{"name":"wp","href":"https:\/\/api.w.org\/{rel}","templated":true}]}}