{"id":208636,"date":"2024-09-03T17:35:29","date_gmt":"2024-09-03T20:35:29","guid":{"rendered":"https:\/\/blog.sandora.me\/?p=208636"},"modified":"2025-04-08T19:30:33","modified_gmt":"2025-04-08T22:30:33","slug":"setembro-amarelo-apoio-e-esperanca-para-mulheres-vitimas-de-violencia","status":"publish","type":"post","link":"https:\/\/blog.sandora.me\/index.php\/2024\/09\/03\/setembro-amarelo-apoio-e-esperanca-para-mulheres-vitimas-de-violencia\/","title":{"rendered":"Setembro Amarelo: apoio e esperan\u00e7a para mulheres v\u00edtimas de viol\u00eancia"},"content":{"rendered":"\n<p>Setembro Amarelo \u00e9 o m\u00eas dedicado \u00e0 preven\u00e7\u00e3o do suic\u00eddio, um per\u00edodo crucial para aumentar a conscientiza\u00e7\u00e3o sobre a sa\u00fade mental e oferecer suporte a pessoas em crise emocional. Desde a sua cria\u00e7\u00e3o em 2014 no Brasil, a campanha utiliza a cor amarela como s\u00edmbolo de esperan\u00e7a e renova\u00e7\u00e3o, iluminando a discuss\u00e3o sobre a import\u00e2ncia da sa\u00fade mental. Este m\u00eas \u00e9 especialmente significativo para mulheres v\u00edtimas de viol\u00eancia, que enfrentam desafios emocionais profundos e frequentemente necessitam de apoio e recursos especializados.<\/p>\n\n\n\n<p>O que \u00e9 o Setembro Amarelo? O Setembro Amarelo \u00e9 uma campanha nacional que visa quebrar o estigma associado ao suic\u00eddio e promover a sa\u00fade mental. A campanha foca na conscientiza\u00e7\u00e3o sobre os sinais de alerta, a import\u00e2ncia da preven\u00e7\u00e3o e a necessidade de buscar ajuda. Durante este m\u00eas, s\u00e3o promovidas diversas atividades, como palestras, workshops e eventos comunit\u00e1rios, para educar a popula\u00e7\u00e3o sobre a sa\u00fade mental e encorajar as pessoas a conversar abertamente sobre suas dificuldades. Essa abordagem proativa \u00e9 fundamental para reduzir a incid\u00eancia de crises emocionais graves e suic\u00eddios, proporcionando um ambiente mais seguro e solid\u00e1rio.<\/p>\n\n\n\n<h3 class=\"wp-block-heading\">A conex\u00e3o entre setembro amarelo e mulheres v\u00edtimas de viol\u00eancia<\/h3>\n\n\n\n<p>Mulheres que enfrentam viol\u00eancia dom\u00e9stica s\u00e3o particularmente vulner\u00e1veis a problemas emocionais graves, como depress\u00e3o, ansiedade e pensamentos suicidas. O trauma cont\u00ednuo e a exposi\u00e7\u00e3o constante \u00e0 viol\u00eancia podem criar um ciclo de sofrimento profundo, tornando essencial o apoio especializado. O Setembro Amarelo destaca a necessidade de foco em estrat\u00e9gias de apoio espec\u00edficas para essas mulheres, enfatizando programas e servi\u00e7os que possam ajud\u00e1-las a se recuperar e a encontrar um caminho de esperan\u00e7a. Al\u00e9m disso, a campanha incentiva a cria\u00e7\u00e3o de redes de apoio comunit\u00e1rias e profissionais para oferecer um suporte cont\u00ednuo e eficaz.<\/p>\n\n\n\n<h3 class=\"wp-block-heading\">Efeitos psicol\u00f3gicos da viol\u00eancia<\/h3>\n\n\n\n<p>Os efeitos psicol\u00f3gicos da viol\u00eancia dom\u00e9stica nas mulheres s\u00e3o devastadores e multifacetados. Estudos demonstram que v\u00edtimas de viol\u00eancia s\u00e3o mais propensas a desenvolver transtornos emocionais graves, como depress\u00e3o e transtorno de estresse p\u00f3s-traum\u00e1tico (TEPT). A viol\u00eancia pode tamb\u00e9m resultar em problemas de autoestima, dificuldade em estabelecer rela\u00e7\u00f5es saud\u00e1veis e aumento do isolamento social. Sentimentos de desamparo e desesperan\u00e7a s\u00e3o comuns, e a falta de apoio adequado pode agravar significativamente esses problemas. Portanto, \u00e9 vital promover uma rede de suporte abrangente e acess\u00edvel, que ofere\u00e7a tanto assist\u00eancia psicol\u00f3gica quanto recursos pr\u00e1ticos para ajudar as mulheres a superar essas dificuldades.<\/p>\n\n\n\n<h3 class=\"wp-block-heading\">Recursos e apoio dispon\u00edveis<\/h3>\n\n\n\n<p>Para mulheres em situa\u00e7\u00e3o de viol\u00eancia, a busca por ajuda \u00e9 um passo crucial e deve ser incentivada. Entre os recursos essenciais dispon\u00edveis est\u00e3o: \u2022 Disque 188: Um servi\u00e7o de suporte emocional gratuito e confidencial, dispon\u00edvel 24 horas por dia. O Disque 188 oferece apoio a pessoas em crise, ajudando-as a encontrar solu\u00e7\u00f5es e encaminhamentos para servi\u00e7os especializados. \u2022 Delegacias Especializadas de Atendimento \u00e0 Mulher (DEAMs): Estas delegacias fornecem assist\u00eancia jur\u00eddica e prote\u00e7\u00e3o para v\u00edtimas de viol\u00eancia dom\u00e9stica, al\u00e9m de orientar sobre os direitos das mulheres e os procedimentos legais. \u2022 Centros de Refer\u00eancia da Mulher: Oferecem apoio psicol\u00f3gico, orienta\u00e7\u00e3o jur\u00eddica e assist\u00eancia social. Esses centros s\u00e3o fundamentais para fornecer um suporte abrangente e multidisciplinar \u00e0s mulheres em situa\u00e7\u00e3o de viol\u00eancia. \u2022 Linhas de Apoio Psicol\u00f3gico: Servi\u00e7os focados na sa\u00fade mental e preven\u00e7\u00e3o do suic\u00eddio, que oferecem orienta\u00e7\u00e3o e suporte emocional especializado.<\/p>\n\n\n\n<h3 class=\"wp-block-heading\">Promovendo solidariedade e empatia<\/h3>\n\n\n\n<p>O Setembro Amarelo tamb\u00e9m busca criar uma cultura de empatia e solidariedade. Para mulheres v\u00edtimas de viol\u00eancia, saber que h\u00e1 uma rede de apoio \u00e9 fundamental. A escuta ativa, o compartilhamento de recursos e a promo\u00e7\u00e3o de respeito s\u00e3o a\u00e7\u00f5es que podem ter um impacto significativo. Comunidades e indiv\u00edduos desempenham um papel crucial na cria\u00e7\u00e3o de um ambiente onde as mulheres se sintam seguras e apoiadas.<\/p>\n\n\n\n<h3 class=\"wp-block-heading\">Educa\u00e7\u00e3o e conscientiza\u00e7\u00e3o<\/h3>\n\n\n\n<p>Educar-se sobre sa\u00fade mental e preven\u00e7\u00e3o do suic\u00eddio \u00e9 essencial. O Setembro Amarelo oferece uma oportunidade valiosa para aprender mais sobre esses t\u00f3picos e aplicar esse conhecimento para apoiar as mulheres ao seu redor. Participar de eventos, compartilhar informa\u00e7\u00f5es e engajar-se em conversas sobre sa\u00fade mental s\u00e3o maneiras eficazes de contribuir para uma sociedade mais consciente e solid\u00e1ria.<\/p>\n\n\n\n<h3 class=\"wp-block-heading\">Prote\u00e7\u00e3o e igualdade: a Lei Maria da Penha e a Lei Emprega + Mulheres<\/h3>\n\n\n\n<p>No contexto da prote\u00e7\u00e3o das mulheres e promo\u00e7\u00e3o da igualdade de g\u00eanero, duas leis brasileiras desempenham pap\u00e9is cruciais: a Lei Maria da Penha e a Lei Emprega + Mulheres. Ambas s\u00e3o fundamentais para garantir a seguran\u00e7a, a dignidade e o bem-estar das mulheres em diferentes aspectos de suas vidas. <\/p>\n\n\n\n<p>A Lei Maria da Penha (Lei n\u00ba 11.340\/2006) \u00e9 um marco na luta contra a viol\u00eancia dom\u00e9stica no Brasil. Esta legisla\u00e7\u00e3o visa proteger as mulheres de agress\u00f5es f\u00edsicas, psicol\u00f3gicas e sexuais dentro do ambiente dom\u00e9stico. Entre as suas principais disposi\u00e7\u00f5es, destaca-se a garantia de manuten\u00e7\u00e3o do v\u00ednculo trabalhista por at\u00e9 seis meses para mulheres v\u00edtimas de viol\u00eancia. Isso \u00e9 essencial, pois permite que as mulheres se afastem de situa\u00e7\u00f5es de risco sem o temor de perder o emprego. <\/p>\n\n\n\n<h3 class=\"wp-block-heading\">Lei Emprega + Mulheres (Lei n\u00ba 14.457\/2022)<\/h3>\n\n\n\n<p>Esse afastamento oferece o tempo necess\u00e1rio para que as v\u00edtimas busquem suporte psicol\u00f3gico, assist\u00eancia legal e outros recursos que facilitem sua recupera\u00e7\u00e3o e seguran\u00e7a. A Lei Emprega + Mulheres (<a href=\"https:\/\/blog.sandora.me\/index.php\/2024\/08\/23\/empresarios-podem-ser-criminalizados-por-ignorar-assedio-sexual\/\">Lei n\u00ba 14.457\/2022<\/a>) representa um avan\u00e7o significativo na promo\u00e7\u00e3o da igualdade de g\u00eanero no mercado de trabalho. Esta legisla\u00e7\u00e3o tem como objetivo criar um ambiente de trabalho seguro e respeitoso para todas as mulheres, combatendo pr\u00e1ticas discriminat\u00f3rias e assegurando oportunidades iguais para todos. <\/p>\n\n\n\n<p>Uma das principais caracter\u00edsticas da Lei Emprega + Mulheres \u00e9 a sua abordagem proativa para prevenir situa\u00e7\u00f5es extremas de ass\u00e9dio e discrimina\u00e7\u00e3o no ambiente de trabalho. Ela estabelece normas rigorosas para garantir que as empresas criem pol\u00edticas de igualdade de g\u00eanero e ofere\u00e7am um ambiente que promova o bem-estar de todas as suas funcion\u00e1rias. Isso inclui medidas para prevenir ass\u00e9dio sexual e moral, garantindo que as mulheres possam trabalhar em um ambiente onde se sintam respeitadas e seguras.<\/p>\n\n\n\n<h3 class=\"wp-block-heading\">O papel da Sandora da prote\u00e7\u00e3o das mulheres<\/h3>\n\n\n\n<p>A intelig\u00eancia artificial desenvolvida pela Sandora \u00e9 uma ferramenta essencial para as mulheres que enfrentam situa\u00e7\u00f5es de ass\u00e9dio e viol\u00eancia. A Sandy \u00e9 gratuita e sigilosa, ajudando as mulheres a reconhecerem situa\u00e7\u00f5es de viol\u00eancia e oferecendo informa\u00e7\u00f5es sobre como agir diante desses cen\u00e1rios. Dispon\u00edvel no site <a href=\"http:\/\/sandora.me\/\"><\/a><a href=\"http:\/\/social.sandora.me\">http:\/\/sandora.me<\/a>, a Sandy oferece suporte crucial em momentos de crise e auxilia na orienta\u00e7\u00e3o sobre os pr\u00f3ximos passos a serem tomados.<\/p>\n\n\n\n<p>Al\u00e9m disso, a Sandora se dedica a criar ambientes de trabalho seguros atrav\u00e9s do Compliance de G\u00eanero, que visa assegurar que as empresas estejam em conformidade com as leis relacionadas aos direitos das mulheres. O Compliance de G\u00eanero \u00e9 uma ferramenta importante para promover um ambiente de trabalho seguro e respeitoso, garantindo que as pol\u00edticas e pr\u00e1ticas da empresa respeitem os direitos das mulheres e ofere\u00e7am suporte adequado. Com ferramentas como a Sandy e as leis como a Maria da Penha e a Emprega + Mulheres, podemos trabalhar juntos para garantir que todas as mulheres tenham a chance de viver sem medo e com dignidade.<\/p>\n\n\n\n<p>Lembre-se, voc\u00ea n\u00e3o est\u00e1 sozinha!<\/p>\n","protected":false},"excerpt":{"rendered":"<p>Setembro Amarelo \u00e9 o m\u00eas dedicado \u00e0 preven\u00e7\u00e3o do suic\u00eddio, um per\u00edodo crucial para aumentar a conscientiza\u00e7\u00e3o sobre a sa\u00fade mental e oferecer suporte a pessoas em crise emocional. Desde a sua cria\u00e7\u00e3o em 2014 no Brasil, a campanha utiliza a cor amarela como s\u00edmbolo de esperan\u00e7a e renova\u00e7\u00e3o, iluminando a discuss\u00e3o sobre a import\u00e2ncia&#8230;<\/p>\n","protected":false},"author":2,"featured_media":208637,"comment_status":"open","ping_status":"open","sticky":false,"template":"","format":"standard","meta":{"_kad_post_transparent":"","_kad_post_title":"","_kad_post_layout":"","_kad_post_sidebar_id":"","_kad_post_content_style":"","_kad_post_vertical_padding":"","_kad_post_feature":"","_kad_post_feature_position":"","_kad_post_header":false,"_kad_post_footer":false,"footnotes":""},"categories":[1],"tags":[],"class_list":["post-208636","post","type-post","status-publish","format-standard","has-post-thumbnail","hentry","category-blog"],"yoast_head":"<!-- This site is optimized with the Yoast SEO plugin v26.7 - https:\/\/yoast.com\/wordpress\/plugins\/seo\/ -->\n<title>Setembro Amarelo: apoio e esperan\u00e7a para mulheres v\u00edtimas de viol\u00eancia - Blog da Sandy<\/title>\n<meta name=\"description\" content=\"Setembro Amarelo: apoio e esperan\u00e7a para mulheres v\u00edtimas de viol\u00eancia\" \/>\n<meta name=\"robots\" content=\"index, follow, max-snippet:-1, max-image-preview:large, max-video-preview:-1\" \/>\n<link rel=\"canonical\" href=\"https:\/\/blog.sandora.me\/index.php\/2024\/09\/03\/setembro-amarelo-apoio-e-esperanca-para-mulheres-vitimas-de-violencia\/\" \/>\n<meta property=\"og:locale\" content=\"pt_BR\" \/>\n<meta property=\"og:type\" content=\"article\" \/>\n<meta property=\"og:title\" content=\"Setembro Amarelo: apoio e esperan\u00e7a para mulheres v\u00edtimas de viol\u00eancia - Blog da Sandy\" \/>\n<meta property=\"og:description\" content=\"Setembro Amarelo: apoio e esperan\u00e7a para mulheres v\u00edtimas de viol\u00eancia\" \/>\n<meta property=\"og:url\" content=\"https:\/\/blog.sandora.me\/index.php\/2024\/09\/03\/setembro-amarelo-apoio-e-esperanca-para-mulheres-vitimas-de-violencia\/\" \/>\n<meta property=\"og:site_name\" content=\"Blog da Sandy\" \/>\n<meta property=\"article:published_time\" content=\"2024-09-03T20:35:29+00:00\" \/>\n<meta property=\"article:modified_time\" content=\"2025-04-08T22:30:33+00:00\" \/>\n<meta property=\"og:image\" content=\"https:\/\/blog.sandora.me\/wp-content\/uploads\/2024\/09\/images.jpeg\" \/>\n\t<meta property=\"og:image:width\" content=\"251\" \/>\n\t<meta property=\"og:image:height\" content=\"201\" \/>\n\t<meta property=\"og:image:type\" content=\"image\/jpeg\" \/>\n<meta name=\"author\" content=\"Sandy\" \/>\n<meta name=\"twitter:card\" content=\"summary_large_image\" \/>\n<meta name=\"twitter:label1\" content=\"Escrito por\" \/>\n\t<meta name=\"twitter:data1\" content=\"Sandy\" \/>\n\t<meta name=\"twitter:label2\" content=\"Est. tempo de leitura\" \/>\n\t<meta name=\"twitter:data2\" content=\"5 minutos\" \/>\n<script type=\"application\/ld+json\" class=\"yoast-schema-graph\">{\"@context\":\"https:\/\/schema.org\",\"@graph\":[{\"@type\":\"Article\",\"@id\":\"https:\/\/blog.sandora.me\/index.php\/2024\/09\/03\/setembro-amarelo-apoio-e-esperanca-para-mulheres-vitimas-de-violencia\/#article\",\"isPartOf\":{\"@id\":\"https:\/\/blog.sandora.me\/index.php\/2024\/09\/03\/setembro-amarelo-apoio-e-esperanca-para-mulheres-vitimas-de-violencia\/\"},\"author\":{\"name\":\"Sandy\",\"@id\":\"https:\/\/blog.sandora.me\/#\/schema\/person\/a52617c3dd46138c1225a0deca42078b\"},\"headline\":\"Setembro Amarelo: apoio e esperan\u00e7a para mulheres v\u00edtimas de viol\u00eancia\",\"datePublished\":\"2024-09-03T20:35:29+00:00\",\"dateModified\":\"2025-04-08T22:30:33+00:00\",\"mainEntityOfPage\":{\"@id\":\"https:\/\/blog.sandora.me\/index.php\/2024\/09\/03\/setembro-amarelo-apoio-e-esperanca-para-mulheres-vitimas-de-violencia\/\"},\"wordCount\":1306,\"commentCount\":0,\"publisher\":{\"@id\":\"https:\/\/blog.sandora.me\/#organization\"},\"image\":{\"@id\":\"https:\/\/blog.sandora.me\/index.php\/2024\/09\/03\/setembro-amarelo-apoio-e-esperanca-para-mulheres-vitimas-de-violencia\/#primaryimage\"},\"thumbnailUrl\":\"https:\/\/blog.sandora.me\/wp-content\/uploads\/2024\/09\/images.jpeg\",\"articleSection\":[\"Blog\"],\"inLanguage\":\"pt-BR\",\"potentialAction\":[{\"@type\":\"CommentAction\",\"name\":\"Comment\",\"target\":[\"https:\/\/blog.sandora.me\/index.php\/2024\/09\/03\/setembro-amarelo-apoio-e-esperanca-para-mulheres-vitimas-de-violencia\/#respond\"]}]},{\"@type\":\"WebPage\",\"@id\":\"https:\/\/blog.sandora.me\/index.php\/2024\/09\/03\/setembro-amarelo-apoio-e-esperanca-para-mulheres-vitimas-de-violencia\/\",\"url\":\"https:\/\/blog.sandora.me\/index.php\/2024\/09\/03\/setembro-amarelo-apoio-e-esperanca-para-mulheres-vitimas-de-violencia\/\",\"name\":\"Setembro Amarelo: apoio e esperan\u00e7a para mulheres v\u00edtimas de viol\u00eancia - Blog da Sandy\",\"isPartOf\":{\"@id\":\"https:\/\/blog.sandora.me\/#website\"},\"primaryImageOfPage\":{\"@id\":\"https:\/\/blog.sandora.me\/index.php\/2024\/09\/03\/setembro-amarelo-apoio-e-esperanca-para-mulheres-vitimas-de-violencia\/#primaryimage\"},\"image\":{\"@id\":\"https:\/\/blog.sandora.me\/index.php\/2024\/09\/03\/setembro-amarelo-apoio-e-esperanca-para-mulheres-vitimas-de-violencia\/#primaryimage\"},\"thumbnailUrl\":\"https:\/\/blog.sandora.me\/wp-content\/uploads\/2024\/09\/images.jpeg\",\"datePublished\":\"2024-09-03T20:35:29+00:00\",\"dateModified\":\"2025-04-08T22:30:33+00:00\",\"description\":\"Setembro Amarelo: apoio e esperan\u00e7a para mulheres v\u00edtimas de viol\u00eancia\",\"breadcrumb\":{\"@id\":\"https:\/\/blog.sandora.me\/index.php\/2024\/09\/03\/setembro-amarelo-apoio-e-esperanca-para-mulheres-vitimas-de-violencia\/#breadcrumb\"},\"inLanguage\":\"pt-BR\",\"potentialAction\":[{\"@type\":\"ReadAction\",\"target\":[\"https:\/\/blog.sandora.me\/index.php\/2024\/09\/03\/setembro-amarelo-apoio-e-esperanca-para-mulheres-vitimas-de-violencia\/\"]}]},{\"@type\":\"ImageObject\",\"inLanguage\":\"pt-BR\",\"@id\":\"https:\/\/blog.sandora.me\/index.php\/2024\/09\/03\/setembro-amarelo-apoio-e-esperanca-para-mulheres-vitimas-de-violencia\/#primaryimage\",\"url\":\"https:\/\/blog.sandora.me\/wp-content\/uploads\/2024\/09\/images.jpeg\",\"contentUrl\":\"https:\/\/blog.sandora.me\/wp-content\/uploads\/2024\/09\/images.jpeg\",\"width\":251,\"height\":201},{\"@type\":\"BreadcrumbList\",\"@id\":\"https:\/\/blog.sandora.me\/index.php\/2024\/09\/03\/setembro-amarelo-apoio-e-esperanca-para-mulheres-vitimas-de-violencia\/#breadcrumb\",\"itemListElement\":[{\"@type\":\"ListItem\",\"position\":1,\"name\":\"In\u00edcio\",\"item\":\"https:\/\/blog.sandora.me\/\"},{\"@type\":\"ListItem\",\"position\":2,\"name\":\"Setembro Amarelo: apoio e esperan\u00e7a para mulheres v\u00edtimas de viol\u00eancia\"}]},{\"@type\":\"WebSite\",\"@id\":\"https:\/\/blog.sandora.me\/#website\",\"url\":\"https:\/\/blog.sandora.me\/\",\"name\":\"Blog da Sandy\",\"description\":\"Conectamos mulheres\",\"publisher\":{\"@id\":\"https:\/\/blog.sandora.me\/#organization\"},\"potentialAction\":[{\"@type\":\"SearchAction\",\"target\":{\"@type\":\"EntryPoint\",\"urlTemplate\":\"https:\/\/blog.sandora.me\/?s={search_term_string}\"},\"query-input\":{\"@type\":\"PropertyValueSpecification\",\"valueRequired\":true,\"valueName\":\"search_term_string\"}}],\"inLanguage\":\"pt-BR\"},{\"@type\":\"Organization\",\"@id\":\"https:\/\/blog.sandora.me\/#organization\",\"name\":\"Blog da Sandy\",\"url\":\"https:\/\/blog.sandora.me\/\",\"logo\":{\"@type\":\"ImageObject\",\"inLanguage\":\"pt-BR\",\"@id\":\"https:\/\/blog.sandora.me\/#\/schema\/logo\/image\/\",\"url\":\"https:\/\/blog.sandora.me\/wp-content\/uploads\/2023\/08\/cropped-logoWhite.png\",\"contentUrl\":\"https:\/\/blog.sandora.me\/wp-content\/uploads\/2023\/08\/cropped-logoWhite.png\",\"width\":634,\"height\":159,\"caption\":\"Blog da Sandy\"},\"image\":{\"@id\":\"https:\/\/blog.sandora.me\/#\/schema\/logo\/image\/\"}},{\"@type\":\"Person\",\"@id\":\"https:\/\/blog.sandora.me\/#\/schema\/person\/a52617c3dd46138c1225a0deca42078b\",\"name\":\"Sandy\",\"image\":{\"@type\":\"ImageObject\",\"inLanguage\":\"pt-BR\",\"@id\":\"https:\/\/blog.sandora.me\/#\/schema\/person\/image\/\",\"url\":\"https:\/\/secure.gravatar.com\/avatar\/19f6b0a937ada718a1b118e7cd3261495845d90171089048e116d0e2b7f4e10f?s=96&d=mm&r=g\",\"contentUrl\":\"https:\/\/secure.gravatar.com\/avatar\/19f6b0a937ada718a1b118e7cd3261495845d90171089048e116d0e2b7f4e10f?s=96&d=mm&r=g\",\"caption\":\"Sandy\"},\"url\":\"https:\/\/blog.sandora.me\/index.php\/author\/sandy\/\"}]}<\/script>\n<!-- \/ Yoast SEO plugin. -->","yoast_head_json":{"title":"Setembro Amarelo: apoio e esperan\u00e7a para mulheres v\u00edtimas de viol\u00eancia - Blog da Sandy","description":"Setembro Amarelo: apoio e esperan\u00e7a para mulheres v\u00edtimas de viol\u00eancia","robots":{"index":"index","follow":"follow","max-snippet":"max-snippet:-1","max-image-preview":"max-image-preview:large","max-video-preview":"max-video-preview:-1"},"canonical":"https:\/\/blog.sandora.me\/index.php\/2024\/09\/03\/setembro-amarelo-apoio-e-esperanca-para-mulheres-vitimas-de-violencia\/","og_locale":"pt_BR","og_type":"article","og_title":"Setembro Amarelo: apoio e esperan\u00e7a para mulheres v\u00edtimas de viol\u00eancia - Blog da Sandy","og_description":"Setembro Amarelo: apoio e esperan\u00e7a para mulheres v\u00edtimas de viol\u00eancia","og_url":"https:\/\/blog.sandora.me\/index.php\/2024\/09\/03\/setembro-amarelo-apoio-e-esperanca-para-mulheres-vitimas-de-violencia\/","og_site_name":"Blog da Sandy","article_published_time":"2024-09-03T20:35:29+00:00","article_modified_time":"2025-04-08T22:30:33+00:00","og_image":[{"width":251,"height":201,"url":"https:\/\/blog.sandora.me\/wp-content\/uploads\/2024\/09\/images.jpeg","type":"image\/jpeg"}],"author":"Sandy","twitter_card":"summary_large_image","twitter_misc":{"Escrito por":"Sandy","Est. tempo de leitura":"5 minutos"},"schema":{"@context":"https:\/\/schema.org","@graph":[{"@type":"Article","@id":"https:\/\/blog.sandora.me\/index.php\/2024\/09\/03\/setembro-amarelo-apoio-e-esperanca-para-mulheres-vitimas-de-violencia\/#article","isPartOf":{"@id":"https:\/\/blog.sandora.me\/index.php\/2024\/09\/03\/setembro-amarelo-apoio-e-esperanca-para-mulheres-vitimas-de-violencia\/"},"author":{"name":"Sandy","@id":"https:\/\/blog.sandora.me\/#\/schema\/person\/a52617c3dd46138c1225a0deca42078b"},"headline":"Setembro Amarelo: apoio e esperan\u00e7a para mulheres v\u00edtimas de viol\u00eancia","datePublished":"2024-09-03T20:35:29+00:00","dateModified":"2025-04-08T22:30:33+00:00","mainEntityOfPage":{"@id":"https:\/\/blog.sandora.me\/index.php\/2024\/09\/03\/setembro-amarelo-apoio-e-esperanca-para-mulheres-vitimas-de-violencia\/"},"wordCount":1306,"commentCount":0,"publisher":{"@id":"https:\/\/blog.sandora.me\/#organization"},"image":{"@id":"https:\/\/blog.sandora.me\/index.php\/2024\/09\/03\/setembro-amarelo-apoio-e-esperanca-para-mulheres-vitimas-de-violencia\/#primaryimage"},"thumbnailUrl":"https:\/\/blog.sandora.me\/wp-content\/uploads\/2024\/09\/images.jpeg","articleSection":["Blog"],"inLanguage":"pt-BR","potentialAction":[{"@type":"CommentAction","name":"Comment","target":["https:\/\/blog.sandora.me\/index.php\/2024\/09\/03\/setembro-amarelo-apoio-e-esperanca-para-mulheres-vitimas-de-violencia\/#respond"]}]},{"@type":"WebPage","@id":"https:\/\/blog.sandora.me\/index.php\/2024\/09\/03\/setembro-amarelo-apoio-e-esperanca-para-mulheres-vitimas-de-violencia\/","url":"https:\/\/blog.sandora.me\/index.php\/2024\/09\/03\/setembro-amarelo-apoio-e-esperanca-para-mulheres-vitimas-de-violencia\/","name":"Setembro Amarelo: apoio e esperan\u00e7a para mulheres v\u00edtimas de viol\u00eancia - Blog da Sandy","isPartOf":{"@id":"https:\/\/blog.sandora.me\/#website"},"primaryImageOfPage":{"@id":"https:\/\/blog.sandora.me\/index.php\/2024\/09\/03\/setembro-amarelo-apoio-e-esperanca-para-mulheres-vitimas-de-violencia\/#primaryimage"},"image":{"@id":"https:\/\/blog.sandora.me\/index.php\/2024\/09\/03\/setembro-amarelo-apoio-e-esperanca-para-mulheres-vitimas-de-violencia\/#primaryimage"},"thumbnailUrl":"https:\/\/blog.sandora.me\/wp-content\/uploads\/2024\/09\/images.jpeg","datePublished":"2024-09-03T20:35:29+00:00","dateModified":"2025-04-08T22:30:33+00:00","description":"Setembro Amarelo: apoio e esperan\u00e7a para mulheres v\u00edtimas de viol\u00eancia","breadcrumb":{"@id":"https:\/\/blog.sandora.me\/index.php\/2024\/09\/03\/setembro-amarelo-apoio-e-esperanca-para-mulheres-vitimas-de-violencia\/#breadcrumb"},"inLanguage":"pt-BR","potentialAction":[{"@type":"ReadAction","target":["https:\/\/blog.sandora.me\/index.php\/2024\/09\/03\/setembro-amarelo-apoio-e-esperanca-para-mulheres-vitimas-de-violencia\/"]}]},{"@type":"ImageObject","inLanguage":"pt-BR","@id":"https:\/\/blog.sandora.me\/index.php\/2024\/09\/03\/setembro-amarelo-apoio-e-esperanca-para-mulheres-vitimas-de-violencia\/#primaryimage","url":"https:\/\/blog.sandora.me\/wp-content\/uploads\/2024\/09\/images.jpeg","contentUrl":"https:\/\/blog.sandora.me\/wp-content\/uploads\/2024\/09\/images.jpeg","width":251,"height":201},{"@type":"BreadcrumbList","@id":"https:\/\/blog.sandora.me\/index.php\/2024\/09\/03\/setembro-amarelo-apoio-e-esperanca-para-mulheres-vitimas-de-violencia\/#breadcrumb","itemListElement":[{"@type":"ListItem","position":1,"name":"In\u00edcio","item":"https:\/\/blog.sandora.me\/"},{"@type":"ListItem","position":2,"name":"Setembro Amarelo: apoio e esperan\u00e7a para mulheres v\u00edtimas de viol\u00eancia"}]},{"@type":"WebSite","@id":"https:\/\/blog.sandora.me\/#website","url":"https:\/\/blog.sandora.me\/","name":"Blog da Sandy","description":"Conectamos mulheres","publisher":{"@id":"https:\/\/blog.sandora.me\/#organization"},"potentialAction":[{"@type":"SearchAction","target":{"@type":"EntryPoint","urlTemplate":"https:\/\/blog.sandora.me\/?s={search_term_string}"},"query-input":{"@type":"PropertyValueSpecification","valueRequired":true,"valueName":"search_term_string"}}],"inLanguage":"pt-BR"},{"@type":"Organization","@id":"https:\/\/blog.sandora.me\/#organization","name":"Blog da Sandy","url":"https:\/\/blog.sandora.me\/","logo":{"@type":"ImageObject","inLanguage":"pt-BR","@id":"https:\/\/blog.sandora.me\/#\/schema\/logo\/image\/","url":"https:\/\/blog.sandora.me\/wp-content\/uploads\/2023\/08\/cropped-logoWhite.png","contentUrl":"https:\/\/blog.sandora.me\/wp-content\/uploads\/2023\/08\/cropped-logoWhite.png","width":634,"height":159,"caption":"Blog da Sandy"},"image":{"@id":"https:\/\/blog.sandora.me\/#\/schema\/logo\/image\/"}},{"@type":"Person","@id":"https:\/\/blog.sandora.me\/#\/schema\/person\/a52617c3dd46138c1225a0deca42078b","name":"Sandy","image":{"@type":"ImageObject","inLanguage":"pt-BR","@id":"https:\/\/blog.sandora.me\/#\/schema\/person\/image\/","url":"https:\/\/secure.gravatar.com\/avatar\/19f6b0a937ada718a1b118e7cd3261495845d90171089048e116d0e2b7f4e10f?s=96&d=mm&r=g","contentUrl":"https:\/\/secure.gravatar.com\/avatar\/19f6b0a937ada718a1b118e7cd3261495845d90171089048e116d0e2b7f4e10f?s=96&d=mm&r=g","caption":"Sandy"},"url":"https:\/\/blog.sandora.me\/index.php\/author\/sandy\/"}]}},"_links":{"self":[{"href":"https:\/\/blog.sandora.me\/index.php\/wp-json\/wp\/v2\/posts\/208636","targetHints":{"allow":["GET"]}}],"collection":[{"href":"https:\/\/blog.sandora.me\/index.php\/wp-json\/wp\/v2\/posts"}],"about":[{"href":"https:\/\/blog.sandora.me\/index.php\/wp-json\/wp\/v2\/types\/post"}],"author":[{"embeddable":true,"href":"https:\/\/blog.sandora.me\/index.php\/wp-json\/wp\/v2\/users\/2"}],"replies":[{"embeddable":true,"href":"https:\/\/blog.sandora.me\/index.php\/wp-json\/wp\/v2\/comments?post=208636"}],"version-history":[{"count":2,"href":"https:\/\/blog.sandora.me\/index.php\/wp-json\/wp\/v2\/posts\/208636\/revisions"}],"predecessor-version":[{"id":208702,"href":"https:\/\/blog.sandora.me\/index.php\/wp-json\/wp\/v2\/posts\/208636\/revisions\/208702"}],"wp:featuredmedia":[{"embeddable":true,"href":"https:\/\/blog.sandora.me\/index.php\/wp-json\/wp\/v2\/media\/208637"}],"wp:attachment":[{"href":"https:\/\/blog.sandora.me\/index.php\/wp-json\/wp\/v2\/media?parent=208636"}],"wp:term":[{"taxonomy":"category","embeddable":true,"href":"https:\/\/blog.sandora.me\/index.php\/wp-json\/wp\/v2\/categories?post=208636"},{"taxonomy":"post_tag","embeddable":true,"href":"https:\/\/blog.sandora.me\/index.php\/wp-json\/wp\/v2\/tags?post=208636"}],"curies":[{"name":"wp","href":"https:\/\/api.w.org\/{rel}","templated":true}]}}